{"id":135592,"date":"2019-11-15T07:26:49","date_gmt":"2019-11-15T10:26:49","guid":{"rendered":"http:\/\/www.caririemacao.com\/1\/?p=135592"},"modified":"2019-11-15T07:26:49","modified_gmt":"2019-11-15T10:26:49","slug":"camara-aprova-projeto-que-institui-programa-familia-acolhedora-no-municipio-de-ouro-velho","status":"publish","type":"post","link":"https:\/\/www.caririemacao.com\/1\/2019\/11\/15\/camara-aprova-projeto-que-institui-programa-familia-acolhedora-no-municipio-de-ouro-velho\/","title":{"rendered":"C\u00e2mara aprova Projeto que institui Programa Fam\u00edlia Acolhedora no Munic\u00edpio de Ouro Velho"},"content":{"rendered":"\n<p>A C\u00e2mara Municipal, na \u00faltima sexta-feira (08), aprovou\nprojeto de lei que autoriza o Poder Executivo criar o Servi\u00e7o de Acolhimento em\nFam\u00edlia Acolhedora em Ouro Velho. A proposta \u00e9 de autoria do vereador Paulo\nJ\u00fanior e confeccionado em parceria com as secretarias de Assist\u00eancia Social.<\/p>\n\n\n\n<p>O programa ficar\u00e1 vinculado \u00e0 Secretaria de Assist\u00eancia\nSocial, \u00f3rg\u00e3o respons\u00e1vel pela coordena\u00e7\u00e3o, execu\u00e7\u00e3o e avalia\u00e7\u00e3o das a\u00e7\u00f5es, e\ntem por objetivo acolher e atender crian\u00e7as e adolescentes do munic\u00edpio que\nestejam em situa\u00e7\u00e3o de risco, abandono, neglig\u00eancia familiar, viol\u00eancia ou\nopress\u00e3o.<\/p>\n\n\n\n<p>Conforme o Projeto de Lei, o Programa Fam\u00edlia Acolhedora\ngarante prote\u00e7\u00e3o integral \u00e0s crian\u00e7as e adolescentes, e deve proporcionar\nambiente sadio \u00e0 conviv\u00eancia familiar e comunit\u00e1ria.<\/p>\n\n\n\n<p>Podem acolher em guarda tempor\u00e1ria subsidiada, fam\u00edlias\nresidentes em Ouro Velho que possuam condi\u00e7\u00f5es de receber as crian\u00e7as e\nadolescentes, oferecendo atendimento \u00e0 sa\u00fade, educa\u00e7\u00e3o, alimenta\u00e7\u00e3o, habita\u00e7\u00e3o\ne lazer, com acompanhamento da Secretaria Municipal de Assist\u00eancia Social.&nbsp; O projeto esclarece que as fam\u00edlias v\u00e3o fazer\num papel de parceiras no atendimento \u00e0 crian\u00e7a ou adolescente, no preparo para\no retorno \u00e0 fam\u00edlia de origem ou encaminhamento para ado\u00e7\u00e3o.<\/p>\n\n\n\n<p>Para o vereador Paulo J\u00fanior, o Programa Fam\u00edlia Acolhedora\n\u00e9 uma iniciativa que visa ajudar crian\u00e7as e adolescentes em situa\u00e7\u00e3o de\nvulnerabilidade social. \u201cAcolher \u00e9 uma atitude generosa que possibilita a\ninclus\u00e3o social, mas acima de tudo, momentos de alegria, de dignidade e\nesperan\u00e7a num futuro melhor para crian\u00e7as e adolescentes que vivem em\ncircunst\u00e2ncias complicadas.\u201d, enfatizou o vereador.<\/p>\n\n\n\n<p><strong>Aux\u00edlio<\/strong><\/p>\n\n\n\n<p>De acordo com o projeto de lei o munic\u00edpio Ouro Velho fica\nautorizado a pagar subsidio as fam\u00edlias acolhedoras que obtiverem a guarda\ntempor\u00e1ria. Uma Bolsa Aux\u00edlio, equivalente a um sal\u00e1rio m\u00ednimo por crian\u00e7a ou\nadolescente por m\u00eas de acolhimento, para pagamento de despesas com alimenta\u00e7\u00e3o,\nvestu\u00e1rio, lazer, higiene, material escolar, entre outras.<\/p>\n\n\n\n<p>Conforme o projeto, cada fam\u00edlia acolhedora poder\u00e1 receber\nat\u00e9 duas crian\u00e7as ou adolescentes por vez. O n\u00famero s\u00f3 pode ser maior em caso\nde irm\u00e3os. A sele\u00e7\u00e3o das fam\u00edlias ocorrer\u00e1 ap\u00f3s inscri\u00e7\u00e3o com a coordena\u00e7\u00e3o do\nprograma.<\/p>\n\n\n\n<p>A crian\u00e7a ou adolescente acolhido na fam\u00edlia cadastrada no\nprograma receber\u00e1 atendimentos nas \u00e1reas de sa\u00fade, educa\u00e7\u00e3o e assist\u00eancia\nsocial, atrav\u00e9s das pol\u00edticas p\u00fablicas existentes, atendimento individual e\nfamiliar com profissionais do servi\u00e7o social, psicologia, entre outros, e\nprioridade entre os processos que tramitam no Juizado da Inf\u00e2ncia e Juventude,\nperman\u00eancia com seus irm\u00e3os na mesma fam\u00edlia acolhedora, sempre que poss\u00edvel.<\/p>\n","protected":false},"excerpt":{"rendered":"<p>A C\u00e2mara Municipal, na \u00faltima sexta-feira (08), aprovou projeto de lei que autoriza o Poder Executivo criar o Servi\u00e7o de Acolhimento em Fam\u00edlia Acolhedora em&hellip; <\/p>\n","protected":false},"author":2,"featured_media":14889,"comment_status":"closed","ping_status":"closed","sticky":false,"template":"","format":"standard","meta":{"sfsi_plus_gutenberg_text_before_share":"","sfsi_plus_gutenberg_show_text_before_share":"","sfsi_plus_gutenberg_icon_type":"","sfsi_plus_gutenberg_icon_alignemt":"","sfsi_plus_gutenburg_max_per_row":"","footnotes":""},"categories":[50,2],"tags":[],"class_list":["post-135592","post","type-post","status-publish","format-standard","has-post-thumbnail","hentry","category-destaque","category-geral"],"_links":{"self":[{"href":"https:\/\/www.caririemacao.com\/1\/wp-json\/wp\/v2\/posts\/135592","targetHints":{"allow":["GET"]}}],"collection":[{"href":"https:\/\/www.caririemacao.com\/1\/wp-json\/wp\/v2\/posts"}],"about":[{"href":"https:\/\/www.caririemacao.com\/1\/wp-json\/wp\/v2\/types\/post"}],"author":[{"embeddable":true,"href":"https:\/\/www.caririemacao.com\/1\/wp-json\/wp\/v2\/users\/2"}],"replies":[{"embeddable":true,"href":"https:\/\/www.caririemacao.com\/1\/wp-json\/wp\/v2\/comments?post=135592"}],"version-history":[{"count":1,"href":"https:\/\/www.caririemacao.com\/1\/wp-json\/wp\/v2\/posts\/135592\/revisions"}],"predecessor-version":[{"id":135593,"href":"https:\/\/www.caririemacao.com\/1\/wp-json\/wp\/v2\/posts\/135592\/revisions\/135593"}],"wp:featuredmedia":[{"embeddable":true,"href":"https:\/\/www.caririemacao.com\/1\/wp-json\/wp\/v2\/media\/14889"}],"wp:attachment":[{"href":"https:\/\/www.caririemacao.com\/1\/wp-json\/wp\/v2\/media?parent=135592"}],"wp:term":[{"taxonomy":"category","embeddable":true,"href":"https:\/\/www.caririemacao.com\/1\/wp-json\/wp\/v2\/categories?post=135592"},{"taxonomy":"post_tag","embeddable":true,"href":"https:\/\/www.caririemacao.com\/1\/wp-json\/wp\/v2\/tags?post=135592"}],"curies":[{"name":"wp","href":"https:\/\/api.w.org\/{rel}","templated":true}]}}