{"id":135610,"date":"2019-11-15T07:37:16","date_gmt":"2019-11-15T10:37:16","guid":{"rendered":"http:\/\/www.caririemacao.com\/1\/?p=135610"},"modified":"2019-11-15T07:37:16","modified_gmt":"2019-11-15T10:37:16","slug":"confira-a-previsao-do-tempo-para-esta-sexta-feira-em-toda-paraiba-3","status":"publish","type":"post","link":"https:\/\/www.caririemacao.com\/1\/2019\/11\/15\/confira-a-previsao-do-tempo-para-esta-sexta-feira-em-toda-paraiba-3\/","title":{"rendered":"Confira a previs\u00e3o do tempo para esta sexta-feira em toda Para\u00edba"},"content":{"rendered":"\n<p>Nuvens baixas que se propagam do oceano Atl\u00e2ntico em dire\u00e7\u00e3o ao continente deixam o c\u00e9u parcialmente encoberto na regi\u00e3o da Serra da Borborema. Mesmo assim, n\u00e3o h\u00e1 previs\u00e3o de chuvas no per\u00edodo, bem como as temperaturas permanecem elevadas em todas as regi\u00f5es do Estado.<\/p>\n\n\n\n<figure class=\"wp-block-image\"><img decoding=\"async\" data-src=\"https:\/\/paraibaonline.com.br\/wp-content\/uploads\/2019\/11\/tempo1511-567x327.jpg\" alt=\"\" class=\"wp-image-819264 lazyload\" src=\"data:image\/svg+xml;base64,PHN2ZyB3aWR0aD0iMSIgaGVpZ2h0PSIxIiB4bWxucz0iaHR0cDovL3d3dy53My5vcmcvMjAwMC9zdmciPjwvc3ZnPg==\" style=\"--smush-placeholder-width: 567px; --smush-placeholder-aspect-ratio: 567\/327;\" \/><\/figure>\n","protected":false},"excerpt":{"rendered":"<p>Nuvens baixas que se propagam do oceano Atl\u00e2ntico em dire\u00e7\u00e3o ao continente deixam o c\u00e9u parcialmente encoberto na regi\u00e3o da Serra da Borborema. Mesmo assim,&hellip; <\/p>\n","protected":false},"author":1,"featured_media":60945,"comment_status":"closed","ping_status":"closed","sticky":false,"template":"","format":"standard","meta":{"sfsi_plus_gutenberg_text_before_share":"","sfsi_plus_gutenberg_show_text_before_share":"","sfsi_plus_gutenberg_icon_type":"","sfsi_plus_gutenberg_icon_alignemt":"","sfsi_plus_gutenburg_max_per_row":"","footnotes":""},"categories":[6],"tags":[],"class_list":["post-135610","post","type-post","status-publish","format-standard","has-post-thumbnail","hentry","category-cidades"],"_links":{"self":[{"href":"https:\/\/www.caririemacao.com\/1\/wp-json\/wp\/v2\/posts\/135610","targetHints":{"allow":["GET"]}}],"collection":[{"href":"https:\/\/www.caririemacao.com\/1\/wp-json\/wp\/v2\/posts"}],"about":[{"href":"https:\/\/www.caririemacao.com\/1\/wp-json\/wp\/v2\/types\/post"}],"author":[{"embeddable":true,"href":"https:\/\/www.caririemacao.com\/1\/wp-json\/wp\/v2\/users\/1"}],"replies":[{"embeddable":true,"href":"https:\/\/www.caririemacao.com\/1\/wp-json\/wp\/v2\/comments?post=135610"}],"version-history":[{"count":1,"href":"https:\/\/www.caririemacao.com\/1\/wp-json\/wp\/v2\/posts\/135610\/revisions"}],"predecessor-version":[{"id":135612,"href":"https:\/\/www.caririemacao.com\/1\/wp-json\/wp\/v2\/posts\/135610\/revisions\/135612"}],"wp:featuredmedia":[{"embeddable":true,"href":"https:\/\/www.caririemacao.com\/1\/wp-json\/wp\/v2\/media\/60945"}],"wp:attachment":[{"href":"https:\/\/www.caririemacao.com\/1\/wp-json\/wp\/v2\/media?parent=135610"}],"wp:term":[{"taxonomy":"category","embeddable":true,"href":"https:\/\/www.caririemacao.com\/1\/wp-json\/wp\/v2\/categories?post=135610"},{"taxonomy":"post_tag","embeddable":true,"href":"https:\/\/www.caririemacao.com\/1\/wp-json\/wp\/v2\/tags?post=135610"}],"curies":[{"name":"wp","href":"https:\/\/api.w.org\/{rel}","templated":true}]}}