{"id":135625,"date":"2019-11-15T07:40:09","date_gmt":"2019-11-15T10:40:09","guid":{"rendered":"http:\/\/www.caririemacao.com\/1\/?p=135625"},"modified":"2019-11-15T07:40:09","modified_gmt":"2019-11-15T10:40:09","slug":"prefeito-celio-e-secretario-marcio-leite-de-sao-joao-do-tigre-participam-de-reuniao-sobre-exclusao-do-municipios","status":"publish","type":"post","link":"https:\/\/www.caririemacao.com\/1\/2019\/11\/15\/prefeito-celio-e-secretario-marcio-leite-de-sao-joao-do-tigre-participam-de-reuniao-sobre-exclusao-do-municipios\/","title":{"rendered":"Prefeito C\u00e9lio e Secret\u00e1rio M\u00e1rcio Leite de S\u00e3o Jo\u00e3o do Tigre participam de reuni\u00e3o sobre exclus\u00e3o do munic\u00edpios"},"content":{"rendered":"\n<p>A Associa\u00e7\u00e3o dos Munic\u00edpios do Cariri e Agreste Paraibano (AMCAP), atrav\u00e9s do Presidente Ronaldo Queiroz (prefeito de Gurj\u00e3o), realizou nesta quinta-feira (14) uma reuni\u00e3o com os prefeitos do Cariri, presidentes de c\u00e2maras e demais vereadores da regi\u00e3o, para tratarem sobre a PEC do Governo Bolsonaro que prop\u00f5e a extin\u00e7\u00e3o de pequenos munic\u00edpios.<br>O Prefeito C\u00e9lio Barbosa esteve participando da reuni\u00e3o ao lado do Secret\u00e1rio Marcio Leite e do Presidente da C\u00e2mara Arn\u00f3bio Pereira. C\u00e9lio que faz parte da dire\u00e7\u00e3o da entidade e na sua fala de abertura o Prefeito pediu uni\u00e3o e ao mesmo tempo que fiscalizemos os Deputados para que os mesmos possam votar a favor do pequenos munic\u00edpios e n\u00e3o a seu pr\u00f3prio favor.<br>A reuni\u00e3o foi&nbsp; realizada no munic\u00edpio de Gurj\u00e3o, no Audit\u00f3rio \u2018In\u00e1cio Calu\u00eate\u2019, e ter\u00e1 seu in\u00edcio \u00e0s 09hs da manh\u00e3. Na regi\u00e3o do Cariri, 16 munic\u00edpios se encachariam dentro da Proposta de Emenda \u00e0 Constitui\u00e7\u00e3o (PEC) do Pacto Federativo, que prev\u00ea que os munic\u00edpios com menos de 5 mil habitantes e arrecada\u00e7\u00e3o pr\u00f3pria inferior a 10% da receita total sejam incorporados pelo munic\u00edpio vizinho.<br>&#8220;N\u00e3o d\u00e1 para compreender uma proposta dessas. Deixaram os munic\u00edpios fora da reforma da Previd\u00eancia. Agora precisa extingui-los&#8221;, disse C\u00e9lio Barbosa.<br><\/p>\n\n\n\n<figure class=\"wp-block-image\"><a href=\"https:\/\/1.bp.blogspot.com\/-PJrUaIXoLq4\/Xc4I790MsnI\/AAAAAAAAlhc\/Cz0YBJrxyCctcnW9WVOtrtgStMtk-R8mQCLcBGAsYHQ\/s1600\/005.jpg\"><img decoding=\"async\" data-src=\"https:\/\/1.bp.blogspot.com\/-PJrUaIXoLq4\/Xc4I790MsnI\/AAAAAAAAlhc\/Cz0YBJrxyCctcnW9WVOtrtgStMtk-R8mQCLcBGAsYHQ\/s640\/005.jpg\" alt=\"\" src=\"data:image\/svg+xml;base64,PHN2ZyB3aWR0aD0iMSIgaGVpZ2h0PSIxIiB4bWxucz0iaHR0cDovL3d3dy53My5vcmcvMjAwMC9zdmciPjwvc3ZnPg==\" class=\"lazyload\" \/><\/a><\/figure>\n","protected":false},"excerpt":{"rendered":"<p>A Associa\u00e7\u00e3o dos Munic\u00edpios do Cariri e Agreste Paraibano (AMCAP), atrav\u00e9s do Presidente Ronaldo Queiroz (prefeito de Gurj\u00e3o), realizou nesta quinta-feira (14) uma reuni\u00e3o com&hellip; <\/p>\n","protected":false},"author":1,"featured_media":135628,"comment_status":"closed","ping_status":"closed","sticky":false,"template":"","format":"standard","meta":{"sfsi_plus_gutenberg_text_before_share":"","sfsi_plus_gutenberg_show_text_before_share":"","sfsi_plus_gutenberg_icon_type":"","sfsi_plus_gutenberg_icon_alignemt":"","sfsi_plus_gutenburg_max_per_row":"","footnotes":""},"categories":[2],"tags":[],"class_list":["post-135625","post","type-post","status-publish","format-standard","has-post-thumbnail","hentry","category-geral"],"_links":{"self":[{"href":"https:\/\/www.caririemacao.com\/1\/wp-json\/wp\/v2\/posts\/135625","targetHints":{"allow":["GET"]}}],"collection":[{"href":"https:\/\/www.caririemacao.com\/1\/wp-json\/wp\/v2\/posts"}],"about":[{"href":"https:\/\/www.caririemacao.com\/1\/wp-json\/wp\/v2\/types\/post"}],"author":[{"embeddable":true,"href":"https:\/\/www.caririemacao.com\/1\/wp-json\/wp\/v2\/users\/1"}],"replies":[{"embeddable":true,"href":"https:\/\/www.caririemacao.com\/1\/wp-json\/wp\/v2\/comments?post=135625"}],"version-history":[{"count":1,"href":"https:\/\/www.caririemacao.com\/1\/wp-json\/wp\/v2\/posts\/135625\/revisions"}],"predecessor-version":[{"id":135629,"href":"https:\/\/www.caririemacao.com\/1\/wp-json\/wp\/v2\/posts\/135625\/revisions\/135629"}],"wp:featuredmedia":[{"embeddable":true,"href":"https:\/\/www.caririemacao.com\/1\/wp-json\/wp\/v2\/media\/135628"}],"wp:attachment":[{"href":"https:\/\/www.caririemacao.com\/1\/wp-json\/wp\/v2\/media?parent=135625"}],"wp:term":[{"taxonomy":"category","embeddable":true,"href":"https:\/\/www.caririemacao.com\/1\/wp-json\/wp\/v2\/categories?post=135625"},{"taxonomy":"post_tag","embeddable":true,"href":"https:\/\/www.caririemacao.com\/1\/wp-json\/wp\/v2\/tags?post=135625"}],"curies":[{"name":"wp","href":"https:\/\/api.w.org\/{rel}","templated":true}]}}