{"id":135627,"date":"2019-11-15T07:42:59","date_gmt":"2019-11-15T10:42:59","guid":{"rendered":"http:\/\/www.caririemacao.com\/1\/?p=135627"},"modified":"2019-11-15T07:44:09","modified_gmt":"2019-11-15T10:44:09","slug":"vereador-fabiano-bolacha-visita-fazenda-pendencia-e-conhece-novas-tecnicas-para-serem-usadas-com-os-agricultores-de-congo","status":"publish","type":"post","link":"https:\/\/www.caririemacao.com\/1\/2019\/11\/15\/vereador-fabiano-bolacha-visita-fazenda-pendencia-e-conhece-novas-tecnicas-para-serem-usadas-com-os-agricultores-de-congo\/","title":{"rendered":"Vereador Fabiano Bolacha visita Fazenda Pend\u00eancia e conhece novas t\u00e9cnicas para serem usadas com os agricultores de Congo"},"content":{"rendered":"\n<p>O vereador de Congo, Fabiano Bolacha, esteve participando recentemente de uma vista de campo na Fazenda Pend\u00eancia, localizada na zona rural de Soledade\/PB para conhecer novas t\u00e9cnicas que auxiliem na produ\u00e7\u00e3o rural no munic\u00edpio de Congo.<\/p>\n\n\n\n<figure class=\"wp-block-image\"><img fetchpriority=\"high\" decoding=\"async\" width=\"1024\" height=\"768\" src=\"http:\/\/www.caririemacao.com\/1\/wp-content\/uploads\/2019\/11\/WhatsApp-Image-2019-11-12-at-12.57.05-1024x768.jpeg\" alt=\"\" class=\"wp-image-135643\" srcset=\"https:\/\/www.caririemacao.com\/1\/wp-content\/uploads\/2019\/11\/WhatsApp-Image-2019-11-12-at-12.57.05-1024x768.jpeg 1024w, https:\/\/www.caririemacao.com\/1\/wp-content\/uploads\/2019\/11\/WhatsApp-Image-2019-11-12-at-12.57.05-300x225.jpeg 300w, https:\/\/www.caririemacao.com\/1\/wp-content\/uploads\/2019\/11\/WhatsApp-Image-2019-11-12-at-12.57.05-768x576.jpeg 768w, https:\/\/www.caririemacao.com\/1\/wp-content\/uploads\/2019\/11\/WhatsApp-Image-2019-11-12-at-12.57.05.jpeg 1280w\" sizes=\"(max-width: 1024px) 100vw, 1024px\" \/><\/figure>\n\n\n\n<p>Durante a visita, o vereador Fabiano esteve acompanhado do ex-prefeito de Congo, Dr. Romualdo, o vice-prefeito Rozem\u00e1rio, e o vereador Dera. Ele puderam observar t\u00e9cnicas de plantio da palma forrageira como alternativa para conviv\u00eancia com a seca, tiveram informa\u00e7\u00f5es acerca da recupera\u00e7\u00e3o do solo e v\u00e1rias outros conhecimentos adquiridos na visita.<\/p>\n\n\n\n<figure class=\"wp-block-image\"><img decoding=\"async\" width=\"1024\" height=\"678\" data-src=\"http:\/\/www.caririemacao.com\/1\/wp-content\/uploads\/2019\/11\/DSC_0027-1024x678.jpg\" alt=\"\" class=\"wp-image-135640 lazyload\" data-srcset=\"https:\/\/www.caririemacao.com\/1\/wp-content\/uploads\/2019\/11\/DSC_0027-1024x678.jpg 1024w, https:\/\/www.caririemacao.com\/1\/wp-content\/uploads\/2019\/11\/DSC_0027-300x199.jpg 300w, https:\/\/www.caririemacao.com\/1\/wp-content\/uploads\/2019\/11\/DSC_0027-768x509.jpg 768w\" data-sizes=\"(max-width: 1024px) 100vw, 1024px\" src=\"data:image\/svg+xml;base64,PHN2ZyB3aWR0aD0iMSIgaGVpZ2h0PSIxIiB4bWxucz0iaHR0cDovL3d3dy53My5vcmcvMjAwMC9zdmciPjwvc3ZnPg==\" style=\"--smush-placeholder-width: 1024px; --smush-placeholder-aspect-ratio: 1024\/678;\" \/><\/figure>\n\n\n\n<p>\u201cFoi um dia importante porque levamos este conhecimento para\nnossos amigos do Congo, buscando sempre, uma melhor conscientiza\u00e7\u00e3o dos\nprodutores para um plantio sustent\u00e1vel, estimulando o uso de aduba\u00e7\u00e3o org\u00e2nica\nno cultivo da palma, gerando emprego e renda para os agricultores que tem no\ncultivo da palma forrageira uma possibilidade de manter seus rebanhos durante\nos per\u00edodo de estiagem, fazendo com que os impactos da produ\u00e7\u00e3o de palma\nforrageira como indutora de desenvolvimento social e de sustentabilidade sejam diminu\u00eddo\nna regi\u00e3o\u201d, concluiu.<\/p>\n","protected":false},"excerpt":{"rendered":"<p>O vereador de Congo, Fabiano Bolacha, esteve participando recentemente de uma vista de campo na Fazenda Pend\u00eancia, localizada na zona rural de Soledade\/PB para conhecer&hellip; <\/p>\n","protected":false},"author":2,"featured_media":135641,"comment_status":"closed","ping_status":"closed","sticky":false,"template":"","format":"standard","meta":{"sfsi_plus_gutenberg_text_before_share":"","sfsi_plus_gutenberg_show_text_before_share":"","sfsi_plus_gutenberg_icon_type":"","sfsi_plus_gutenberg_icon_alignemt":"","sfsi_plus_gutenburg_max_per_row":"","footnotes":""},"categories":[6,50],"tags":[],"class_list":["post-135627","post","type-post","status-publish","format-standard","has-post-thumbnail","hentry","category-cidades","category-destaque"],"_links":{"self":[{"href":"https:\/\/www.caririemacao.com\/1\/wp-json\/wp\/v2\/posts\/135627","targetHints":{"allow":["GET"]}}],"collection":[{"href":"https:\/\/www.caririemacao.com\/1\/wp-json\/wp\/v2\/posts"}],"about":[{"href":"https:\/\/www.caririemacao.com\/1\/wp-json\/wp\/v2\/types\/post"}],"author":[{"embeddable":true,"href":"https:\/\/www.caririemacao.com\/1\/wp-json\/wp\/v2\/users\/2"}],"replies":[{"embeddable":true,"href":"https:\/\/www.caririemacao.com\/1\/wp-json\/wp\/v2\/comments?post=135627"}],"version-history":[{"count":2,"href":"https:\/\/www.caririemacao.com\/1\/wp-json\/wp\/v2\/posts\/135627\/revisions"}],"predecessor-version":[{"id":135644,"href":"https:\/\/www.caririemacao.com\/1\/wp-json\/wp\/v2\/posts\/135627\/revisions\/135644"}],"wp:featuredmedia":[{"embeddable":true,"href":"https:\/\/www.caririemacao.com\/1\/wp-json\/wp\/v2\/media\/135641"}],"wp:attachment":[{"href":"https:\/\/www.caririemacao.com\/1\/wp-json\/wp\/v2\/media?parent=135627"}],"wp:term":[{"taxonomy":"category","embeddable":true,"href":"https:\/\/www.caririemacao.com\/1\/wp-json\/wp\/v2\/categories?post=135627"},{"taxonomy":"post_tag","embeddable":true,"href":"https:\/\/www.caririemacao.com\/1\/wp-json\/wp\/v2\/tags?post=135627"}],"curies":[{"name":"wp","href":"https:\/\/api.w.org\/{rel}","templated":true}]}}