{"id":135656,"date":"2019-11-15T08:21:30","date_gmt":"2019-11-15T11:21:30","guid":{"rendered":"http:\/\/www.caririemacao.com\/1\/?p=135656"},"modified":"2019-11-15T08:21:30","modified_gmt":"2019-11-15T11:21:30","slug":"quem-garante-minha-seguranca-diz-irma-de-marielle-sobre-se-candidatar","status":"publish","type":"post","link":"https:\/\/www.caririemacao.com\/1\/2019\/11\/15\/quem-garante-minha-seguranca-diz-irma-de-marielle-sobre-se-candidatar\/","title":{"rendered":"\u201cQuem garante minha seguran\u00e7a?\u201d, diz irm\u00e3 de Marielle sobre se candidatar"},"content":{"rendered":"\n<p><strong>Ainda pensa em se candidatar a vereadora do Rio pelo PSOL?<\/strong>&nbsp;Depois das \u00faltimas not\u00edcias sobre Marielle, como a da cita\u00e7\u00e3o do nome do presidente no inqu\u00e9rito, \u00e9 prov\u00e1vel que n\u00e3o me filie e n\u00e3o concorra ao cargo. Prefiro manter a mem\u00f3ria da minha irm\u00e3 viva por meio do Instituto Marielle Franco.<\/p>\n\n\n\n<p><strong>Por que pensa em desistir?\u00a0<\/strong>Quem garante a minha seguran\u00e7a? Eu tenho uma filha de 3 anos e cuido da filha de Marielle tamb\u00e9m. As pessoas nos xingam pelas redes sociais, nos amea\u00e7am, fazem piadas com a morte de Marielle. Eu n\u00e3o me calo diante desse medo, mas vivo com ele todos os dias.<\/p>\n\n\n\n<p><strong>Como a morte de Marielle impactou a sua vida?<\/strong>&nbsp;A minha vida mudou por completo. Eu fui mandada embora do meu antigo emprego por ser a irm\u00e3 de Marielle, mas tamb\u00e9m sou abra\u00e7ada na rua quando me reconhecem. Antes, n\u00e3o nos preocup\u00e1vamos tanto com seguran\u00e7a. Depois do assassinato, \u00e9 uma decis\u00e3o grande saber se vai sair de casa, com quem vai, por onde vai.<\/p>\n\n\n\n<p><strong>Foi a Marielle que a inseriu na milit\u00e2ncia pol\u00edtica?<\/strong>\u00a0A Marielle sempre foi a minha parceira. N\u00f3s somos mulheres negras e marginalizadas e, como irm\u00e3 mais velha, ela sempre me mostrou a nossa realidade e o que poder\u00edamos fazer nesse contexto. A Marielle \u00e9 a minha maior inspira\u00e7\u00e3o. Mas, se eu pudesse voltar no tempo e ter uma conversa com ela, eu lhe diria que n\u00e3o entrasse na pol\u00edtica e n\u00e3o se candidatasse.<\/p>\n\n\n\n<p><strong>O assassinato completou mais de 600 dias sem solu\u00e7\u00e3o. H\u00e1 esperan\u00e7as?<\/strong>&nbsp;Tem dias que a gente perde um pouco, por suspeitar de um feminic\u00eddio pol\u00edtico com um mandante grande por tr\u00e1s. Tentamos montar um quebra-\u00adcabe\u00e7a e ir encaixando as pe\u00e7as que faltam. Mas vou continuar esperan\u00e7osa. Queremos justi\u00e7a. Meus pais v\u00e3o toda semana ao Minist\u00e9rio P\u00fablico para acompanhar as investiga\u00e7\u00f5es.<\/p>\n\n\n\n<p><strong>Qual o legado de Marielle?<\/strong>&nbsp;Houve um crescimento nas filia\u00e7\u00f5es de mulheres. Mas tamb\u00e9m o deputado estadual que quebrou a placa da minha irm\u00e3 foi o mais votado no Rio. Eu queria perguntar a ele: \u201cSe fosse o seu irm\u00e3o, voc\u00ea faria o mesmo?\u201d. Tento me equilibrar entre a raz\u00e3o e a emo\u00e7\u00e3o.<\/p>\n","protected":false},"excerpt":{"rendered":"<p>Ainda pensa em se candidatar a vereadora do Rio pelo PSOL?&nbsp;Depois das \u00faltimas not\u00edcias sobre Marielle, como a da cita\u00e7\u00e3o do nome do presidente no&hellip; <\/p>\n","protected":false},"author":1,"featured_media":135658,"comment_status":"closed","ping_status":"closed","sticky":false,"template":"","format":"standard","meta":{"sfsi_plus_gutenberg_text_before_share":"","sfsi_plus_gutenberg_show_text_before_share":"","sfsi_plus_gutenberg_icon_type":"","sfsi_plus_gutenberg_icon_alignemt":"","sfsi_plus_gutenburg_max_per_row":"","footnotes":""},"categories":[2],"tags":[],"class_list":["post-135656","post","type-post","status-publish","format-standard","has-post-thumbnail","hentry","category-geral"],"_links":{"self":[{"href":"https:\/\/www.caririemacao.com\/1\/wp-json\/wp\/v2\/posts\/135656","targetHints":{"allow":["GET"]}}],"collection":[{"href":"https:\/\/www.caririemacao.com\/1\/wp-json\/wp\/v2\/posts"}],"about":[{"href":"https:\/\/www.caririemacao.com\/1\/wp-json\/wp\/v2\/types\/post"}],"author":[{"embeddable":true,"href":"https:\/\/www.caririemacao.com\/1\/wp-json\/wp\/v2\/users\/1"}],"replies":[{"embeddable":true,"href":"https:\/\/www.caririemacao.com\/1\/wp-json\/wp\/v2\/comments?post=135656"}],"version-history":[{"count":1,"href":"https:\/\/www.caririemacao.com\/1\/wp-json\/wp\/v2\/posts\/135656\/revisions"}],"predecessor-version":[{"id":135659,"href":"https:\/\/www.caririemacao.com\/1\/wp-json\/wp\/v2\/posts\/135656\/revisions\/135659"}],"wp:featuredmedia":[{"embeddable":true,"href":"https:\/\/www.caririemacao.com\/1\/wp-json\/wp\/v2\/media\/135658"}],"wp:attachment":[{"href":"https:\/\/www.caririemacao.com\/1\/wp-json\/wp\/v2\/media?parent=135656"}],"wp:term":[{"taxonomy":"category","embeddable":true,"href":"https:\/\/www.caririemacao.com\/1\/wp-json\/wp\/v2\/categories?post=135656"},{"taxonomy":"post_tag","embeddable":true,"href":"https:\/\/www.caririemacao.com\/1\/wp-json\/wp\/v2\/tags?post=135656"}],"curies":[{"name":"wp","href":"https:\/\/api.w.org\/{rel}","templated":true}]}}