{"id":135667,"date":"2019-11-15T09:30:50","date_gmt":"2019-11-15T12:30:50","guid":{"rendered":"http:\/\/www.caririemacao.com\/1\/?p=135667"},"modified":"2019-11-15T09:30:50","modified_gmt":"2019-11-15T12:30:50","slug":"mega-da-virada-tera-publicidade-com-versao-da-musica-caneta-azul","status":"publish","type":"post","link":"https:\/\/www.caririemacao.com\/1\/2019\/11\/15\/mega-da-virada-tera-publicidade-com-versao-da-musica-caneta-azul\/","title":{"rendered":"Mega da Virada ter\u00e1 publicidade com vers\u00e3o da m\u00fasica \u2018Caneta Azul\u2019"},"content":{"rendered":"\n<p>O fen\u00f4meno &#8216;Caneta Azul, Azul Caneta&#8217; vai virar a &#8216;m\u00fasica-tema&#8217; da Mega da Virada. A composi\u00e7\u00e3o original de Manoel Gomes ser\u00e1 adaptada para um jingle para promover a publicidade da loteria da Caixa.<br><\/p>\n\n\n\n<p>O lan\u00e7amento da pe\u00e7a publicit\u00e1ria com o cantor aconteceu em evento privado da Caixa. Assista acima.<\/p>\n\n\n\n<p><strong>LEIA MAIS<\/strong>:&nbsp;<a href=\"https:\/\/www.clickpb.com.br\/cultura\/autor-da-musica-caneta-azul-prepara-disco-com-produtor-que-gravou-sucesso-de-tiririca-271786.html\">Autor da m\u00fasica &#8216;Caneta Azul&#8217; prepara disco com produtor que gravou sucesso de Tiririca<\/a><br><\/p>\n\n\n\n<p>Depois do v\u00eddeo vers\u00e3o original ter viralizado, diversas outras vers\u00f5es da can\u00e7\u00e3o j\u00e1 est\u00e3o circulando nas redes sociais, desde forr\u00f3 at\u00e9 remix. O fen\u00f4meno inspirou&nbsp;<a href=\"https:\/\/www.clickpb.com.br\/brasil\/dono-de-hamburgueria-cria-lanche-inspirado-no-meme-da-caneta-azul-em-sorocaba-271387.html\">at\u00e9 um sandu\u00edche<\/a>.<br><\/p>\n\n\n\n<p>A Caixa Econ\u00f4mica Federal come\u00e7ou a receber nesta segunda-feira (11) as apostas para a Mega da Virada de 2019.&nbsp;<\/p>\n\n\n\n<p>A estimativa de pr\u00eamio para quem acertar as seis dezenas do concurso 2.220 da Mega-Sena \u00e9 de R$ 300 milh\u00f5es. O sorteio ser\u00e1 realizado no dia 31 de dezembro. <\/p>\n","protected":false},"excerpt":{"rendered":"<p>O fen\u00f4meno &#8216;Caneta Azul, Azul Caneta&#8217; vai virar a &#8216;m\u00fasica-tema&#8217; da Mega da Virada. A composi\u00e7\u00e3o original de Manoel Gomes ser\u00e1 adaptada para um jingle&hellip; <\/p>\n","protected":false},"author":1,"featured_media":130716,"comment_status":"closed","ping_status":"closed","sticky":false,"template":"","format":"standard","meta":{"sfsi_plus_gutenberg_text_before_share":"","sfsi_plus_gutenberg_show_text_before_share":"","sfsi_plus_gutenberg_icon_type":"","sfsi_plus_gutenberg_icon_alignemt":"","sfsi_plus_gutenburg_max_per_row":"","footnotes":""},"categories":[2],"tags":[],"class_list":["post-135667","post","type-post","status-publish","format-standard","has-post-thumbnail","hentry","category-geral"],"_links":{"self":[{"href":"https:\/\/www.caririemacao.com\/1\/wp-json\/wp\/v2\/posts\/135667","targetHints":{"allow":["GET"]}}],"collection":[{"href":"https:\/\/www.caririemacao.com\/1\/wp-json\/wp\/v2\/posts"}],"about":[{"href":"https:\/\/www.caririemacao.com\/1\/wp-json\/wp\/v2\/types\/post"}],"author":[{"embeddable":true,"href":"https:\/\/www.caririemacao.com\/1\/wp-json\/wp\/v2\/users\/1"}],"replies":[{"embeddable":true,"href":"https:\/\/www.caririemacao.com\/1\/wp-json\/wp\/v2\/comments?post=135667"}],"version-history":[{"count":1,"href":"https:\/\/www.caririemacao.com\/1\/wp-json\/wp\/v2\/posts\/135667\/revisions"}],"predecessor-version":[{"id":135670,"href":"https:\/\/www.caririemacao.com\/1\/wp-json\/wp\/v2\/posts\/135667\/revisions\/135670"}],"wp:featuredmedia":[{"embeddable":true,"href":"https:\/\/www.caririemacao.com\/1\/wp-json\/wp\/v2\/media\/130716"}],"wp:attachment":[{"href":"https:\/\/www.caririemacao.com\/1\/wp-json\/wp\/v2\/media?parent=135667"}],"wp:term":[{"taxonomy":"category","embeddable":true,"href":"https:\/\/www.caririemacao.com\/1\/wp-json\/wp\/v2\/categories?post=135667"},{"taxonomy":"post_tag","embeddable":true,"href":"https:\/\/www.caririemacao.com\/1\/wp-json\/wp\/v2\/tags?post=135667"}],"curies":[{"name":"wp","href":"https:\/\/api.w.org\/{rel}","templated":true}]}}