{"id":135675,"date":"2019-11-15T09:33:59","date_gmt":"2019-11-15T12:33:59","guid":{"rendered":"http:\/\/www.caririemacao.com\/1\/?p=135675"},"modified":"2019-11-15T09:33:59","modified_gmt":"2019-11-15T12:33:59","slug":"governo-reajusta-e-padroniza-valor-do-plantao-extra-para-profissionais-de-saude","status":"publish","type":"post","link":"https:\/\/www.caririemacao.com\/1\/2019\/11\/15\/governo-reajusta-e-padroniza-valor-do-plantao-extra-para-profissionais-de-saude\/","title":{"rendered":"Governo reajusta e padroniza valor do plant\u00e3o extra para profissionais de sa\u00fade"},"content":{"rendered":"\n<p>O Governo do Estado, por meio da Secretaria de Estado da Sa\u00fade (SES), anunciou nesta quinta-feira (14) um reajuste no valor do plant\u00e3o extra. Inicialmente, ser\u00e3o contemplados os profissionais de sa\u00fade dos maiores hospitais da gest\u00e3o direta, que s\u00e3o a Maternidade Frei Dami\u00e3o, o Clementino Fraga, Juliano Moreira, o hospital pedi\u00e1trico Arlinda Marques e o Hospital de Emerg\u00eancia e Trauma Dom Luiz Gonzaga Fernandes de Campina Grande. Num segundo momento, as demais unidades de sa\u00fade ser\u00e3o contempladas.<\/p>\n\n\n\n<p>Os novos valores ser\u00e3o R$ 120 para n\u00edvel superior, R$ 99,80 para o m\u00e9dio, como por exemplo os t\u00e9cnicos de enfermagem, e R$ 78 para o n\u00edvel b\u00e1sico. Para a presidente do Sindicato dos Trabalhadores P\u00fablicos em Sa\u00fade da Para\u00edba (Sindsa\u00fade), Wanda Celi, esse reajuste significa um avan\u00e7o. \u201cEsse aumento de mais de 30% representa um grande avan\u00e7o, visto que desde 2009 n\u00e3o t\u00ednhamos um reajuste\u201d, observa.<\/p>\n\n\n\n<p>De acordo com o secret\u00e1rio de Sa\u00fade da Para\u00edba, Geraldo Medeiros, o reajuste foi realizado para reparar uma defasagem. Ele explica que era necess\u00e1rio padronizar o plant\u00e3o extra, pois cada unidade praticava um valor diferente e afirma que o objetivo da SES \u00e9 unificar, considerando o perfil e a regionaliza\u00e7\u00e3o das unidades. \u201cEssa \u00e9 uma decis\u00e3o do governo, um passo inicial por reconhecer a import\u00e2ncia do profissional de sa\u00fade e dentro das possibilidades legais\u201d, pontuou o secret\u00e1rio.<\/p>\n","protected":false},"excerpt":{"rendered":"<p>O Governo do Estado, por meio da Secretaria de Estado da Sa\u00fade (SES), anunciou nesta quinta-feira (14) um reajuste no valor do plant\u00e3o extra. Inicialmente,&hellip; <\/p>\n","protected":false},"author":1,"featured_media":135677,"comment_status":"closed","ping_status":"closed","sticky":false,"template":"","format":"standard","meta":{"sfsi_plus_gutenberg_text_before_share":"","sfsi_plus_gutenberg_show_text_before_share":"","sfsi_plus_gutenberg_icon_type":"","sfsi_plus_gutenberg_icon_alignemt":"","sfsi_plus_gutenburg_max_per_row":"","footnotes":""},"categories":[2],"tags":[],"class_list":["post-135675","post","type-post","status-publish","format-standard","has-post-thumbnail","hentry","category-geral"],"_links":{"self":[{"href":"https:\/\/www.caririemacao.com\/1\/wp-json\/wp\/v2\/posts\/135675","targetHints":{"allow":["GET"]}}],"collection":[{"href":"https:\/\/www.caririemacao.com\/1\/wp-json\/wp\/v2\/posts"}],"about":[{"href":"https:\/\/www.caririemacao.com\/1\/wp-json\/wp\/v2\/types\/post"}],"author":[{"embeddable":true,"href":"https:\/\/www.caririemacao.com\/1\/wp-json\/wp\/v2\/users\/1"}],"replies":[{"embeddable":true,"href":"https:\/\/www.caririemacao.com\/1\/wp-json\/wp\/v2\/comments?post=135675"}],"version-history":[{"count":1,"href":"https:\/\/www.caririemacao.com\/1\/wp-json\/wp\/v2\/posts\/135675\/revisions"}],"predecessor-version":[{"id":135678,"href":"https:\/\/www.caririemacao.com\/1\/wp-json\/wp\/v2\/posts\/135675\/revisions\/135678"}],"wp:featuredmedia":[{"embeddable":true,"href":"https:\/\/www.caririemacao.com\/1\/wp-json\/wp\/v2\/media\/135677"}],"wp:attachment":[{"href":"https:\/\/www.caririemacao.com\/1\/wp-json\/wp\/v2\/media?parent=135675"}],"wp:term":[{"taxonomy":"category","embeddable":true,"href":"https:\/\/www.caririemacao.com\/1\/wp-json\/wp\/v2\/categories?post=135675"},{"taxonomy":"post_tag","embeddable":true,"href":"https:\/\/www.caririemacao.com\/1\/wp-json\/wp\/v2\/tags?post=135675"}],"curies":[{"name":"wp","href":"https:\/\/api.w.org\/{rel}","templated":true}]}}