{"id":135687,"date":"2019-11-15T09:36:00","date_gmt":"2019-11-15T12:36:00","guid":{"rendered":"http:\/\/www.caririemacao.com\/1\/?p=135687"},"modified":"2019-11-15T09:36:00","modified_gmt":"2019-11-15T12:36:00","slug":"proclamacao-da-republica-completa-130-anos","status":"publish","type":"post","link":"https:\/\/www.caririemacao.com\/1\/2019\/11\/15\/proclamacao-da-republica-completa-130-anos\/","title":{"rendered":"Proclama\u00e7\u00e3o da Rep\u00fablica completa 130 anos"},"content":{"rendered":"\n<p>Em 1888, a Lei \u00c1urea aboliu oficialmente a escravid\u00e3o, mas o Imp\u00e9rio estava em crise. Por um lado acreditava-se que os antigos escravizadores aderiram aos ideais republicanos para destituir a fam\u00edlia real. Mas o cen\u00e1rio era bem mais amplo.<\/p>\n\n\n\n<p>Dom Pedro II estava muito doente e a sucessora seria a princesa Isabel, que era casada com um franc\u00eas, o conde D&#8217;Eu, considerado impopular, figura que tamb\u00e9m j\u00e1 havia criado conflitos com os militares na ocasi\u00e3o da Guerra do Paraguai.<\/p>\n\n\n\n<p>\u201cA participa\u00e7\u00e3o do conde D&#8217;eu na Guerra do Paraguai \u00e9 um dos fatores de impopularidade. Ele era arrogante. Dizem que ele promoveu massacres. N\u00e3o tinha aptid\u00e3o para administrar\u201d, conta a historiadora Catia Faria.<\/p>\n\n\n\n<p>Quem tamb\u00e9m tinha pouco prest\u00edgio entre os militares era o visconde de Ouro Preto, chefe do gabinete do Imp\u00e9rio e conhecido pela intransig\u00eancia. Ele foi nomeado por Dom Pedro II para fazer as reformas que os republicanos buscavam.<\/p>\n\n\n\n<p>Assista na&nbsp;<strong>TV Brasil<\/strong>:<\/p>\n\n\n\n<figure><iframe allowfullscreen=\"\" data-src=\"https:\/\/www.youtube.com\/embed\/5_-jEdV43gA\" src=\"data:image\/svg+xml;base64,PHN2ZyB3aWR0aD0iMSIgaGVpZ2h0PSIxIiB4bWxucz0iaHR0cDovL3d3dy53My5vcmcvMjAwMC9zdmciPjwvc3ZnPg==\" class=\"lazyload\" data-load-mode=\"1\"><\/iframe><\/figure>\n\n\n\n<p>Em 1870, o Brasil saiu vitorioso da Guerra do Paraguai e os militares n\u00e3o tinham recebido do imperador o reconhecimento que esperavam.<\/p>\n\n\n\n<p>O Brasil estava em crise econ\u00f4mica por causa de d\u00edvidas motivadas, principalmente, pela guerra. O sistema de governo da Monarquia era considerado atrasado.<\/p>\n\n\n\n<p>\u201cOs ideais republicanos chegam ao Brasil a partir da Fran\u00e7a, da ideologia do positivismo. Basicamente \u00e9 uma burocracia estatal calcada na compet\u00eancia\u201d, explica a professora de Hist\u00f3ria do Direito Brasileiro, Maria Cristina Vieira.<\/p>\n\n\n\n<p>Para alguns historiadores, a primeira rep\u00fablica brasileira n\u00e3o foi proclamada, mas sim aclamada pela pouca resist\u00eancia que encontrou por parte da Monarquia. Uma das imagens que retrata a cena \u00e9 a tela&nbsp;<em>Proclama\u00e7\u00e3o da Rep\u00fablica<\/em>, de Benedito Calixto. Quem morava nas intermedia\u00e7\u00f5es do Campo de Santana e do Pal\u00e1cio Duque de Caxias era um dos comandantes da Guerra do Paraguai, o marechal Deodoro da Fonseca.<\/p>\n\n\n\n<p>\u201cSem Deodoro, n\u00e3o teria rep\u00fablica\u201d, conclui o historiador do Centro de Estudos e Pesquisas do Ex\u00e9rcito, coronel Ant\u00f4nio Ferreira.<\/p>\n\n\n\n<p>No dia 15 de novembro de 1889, o marechal Deodoro saiu de sua casa no centro do Rio, pr\u00f3ximo \u00e0 Central do Brasil, para proclamar a Rep\u00fablica acompanhado por uma tropa de cerca de mil militares.<\/p>\n\n\n\n<p>A rep\u00fablica brasileira deu prazo para que a fam\u00edlia real deixasse o pa\u00eds. Depois da expuls\u00e3o, Dom Pedro II escreveu &#8220;Resolvo, cedendo ao Imp\u00e9rio das circunst\u00e2ncias, partir com toda a minha fam\u00edlia amanh\u00e3, deixando esta p\u00e1tria de n\u00f3s estremecida. Conservarei do Brasil a mais saudosa lembran\u00e7a, fazendo ardentes votos por sua grandeza e prosperidade.&#8221;<\/p>\n\n\n\n<p>Assista na&nbsp;<strong>TV Brasil<\/strong>:<\/p>\n\n\n\n<figure><iframe allowfullscreen=\"\" data-src=\"https:\/\/www.youtube.com\/embed\/0vxf5pdxThM\" src=\"data:image\/svg+xml;base64,PHN2ZyB3aWR0aD0iMSIgaGVpZ2h0PSIxIiB4bWxucz0iaHR0cDovL3d3dy53My5vcmcvMjAwMC9zdmciPjwvc3ZnPg==\" class=\"lazyload\" data-load-mode=\"1\"><\/iframe><\/figure>\n","protected":false},"excerpt":{"rendered":"<p>Em 1888, a Lei \u00c1urea aboliu oficialmente a escravid\u00e3o, mas o Imp\u00e9rio estava em crise. Por um lado acreditava-se que os antigos escravizadores aderiram aos&hellip; <\/p>\n","protected":false},"author":1,"featured_media":135689,"comment_status":"closed","ping_status":"closed","sticky":false,"template":"","format":"standard","meta":{"sfsi_plus_gutenberg_text_before_share":"","sfsi_plus_gutenberg_show_text_before_share":"","sfsi_plus_gutenberg_icon_type":"","sfsi_plus_gutenberg_icon_alignemt":"","sfsi_plus_gutenburg_max_per_row":"","footnotes":""},"categories":[2],"tags":[],"class_list":["post-135687","post","type-post","status-publish","format-standard","has-post-thumbnail","hentry","category-geral"],"_links":{"self":[{"href":"https:\/\/www.caririemacao.com\/1\/wp-json\/wp\/v2\/posts\/135687","targetHints":{"allow":["GET"]}}],"collection":[{"href":"https:\/\/www.caririemacao.com\/1\/wp-json\/wp\/v2\/posts"}],"about":[{"href":"https:\/\/www.caririemacao.com\/1\/wp-json\/wp\/v2\/types\/post"}],"author":[{"embeddable":true,"href":"https:\/\/www.caririemacao.com\/1\/wp-json\/wp\/v2\/users\/1"}],"replies":[{"embeddable":true,"href":"https:\/\/www.caririemacao.com\/1\/wp-json\/wp\/v2\/comments?post=135687"}],"version-history":[{"count":1,"href":"https:\/\/www.caririemacao.com\/1\/wp-json\/wp\/v2\/posts\/135687\/revisions"}],"predecessor-version":[{"id":135690,"href":"https:\/\/www.caririemacao.com\/1\/wp-json\/wp\/v2\/posts\/135687\/revisions\/135690"}],"wp:featuredmedia":[{"embeddable":true,"href":"https:\/\/www.caririemacao.com\/1\/wp-json\/wp\/v2\/media\/135689"}],"wp:attachment":[{"href":"https:\/\/www.caririemacao.com\/1\/wp-json\/wp\/v2\/media?parent=135687"}],"wp:term":[{"taxonomy":"category","embeddable":true,"href":"https:\/\/www.caririemacao.com\/1\/wp-json\/wp\/v2\/categories?post=135687"},{"taxonomy":"post_tag","embeddable":true,"href":"https:\/\/www.caririemacao.com\/1\/wp-json\/wp\/v2\/tags?post=135687"}],"curies":[{"name":"wp","href":"https:\/\/api.w.org\/{rel}","templated":true}]}}