{"id":135695,"date":"2019-11-15T09:38:55","date_gmt":"2019-11-15T12:38:55","guid":{"rendered":"http:\/\/www.caririemacao.com\/1\/?p=135695"},"modified":"2019-11-15T09:38:55","modified_gmt":"2019-11-15T12:38:55","slug":"saude-lanca-campanha-para-prevenir-a-obesidade-infantil","status":"publish","type":"post","link":"https:\/\/www.caririemacao.com\/1\/2019\/11\/15\/saude-lanca-campanha-para-prevenir-a-obesidade-infantil\/","title":{"rendered":"Sa\u00fade lan\u00e7a campanha para prevenir a obesidade infantil"},"content":{"rendered":"\n<p>O Minist\u00e9rio da Sa\u00fade lan\u00e7ou a campanha&nbsp;<em>1, 2, 3 e j\u00e1! Vamos prevenir a obesidade infantil<\/em>. A ideia \u00e9 incentivar as crian\u00e7as a seguirem tr\u00eas passos simples para evitar o sobrepeso: alimenta\u00e7\u00e3o saud\u00e1vel, atividade f\u00edsica e brincadeiras longe das telas da TV, celular e jogos eletr\u00f4nicos.<\/p>\n\n\n\n<p>O lan\u00e7amento ocorreu durante a abertura do 15\u00b0 Encontro Nacional de Aleitamento Materno (Enam) e o 5\u00b0 Encontro Nacional de Alimenta\u00e7\u00e3o Complementar Saud\u00e1vel (Enacs), no Centro de Conven\u00e7\u00f5es SulAm\u00e9rica, na Cidade Nova, regi\u00e3o central do Rio&nbsp;de Janeiro.<\/p>\n\n\n\n<p>Na cerim\u00f4nia de abertura, o ministro da Sa\u00fade, Luiz Henrique Mandetta, destacou que o pa\u00eds tem evolu\u00eddo na regulamenta\u00e7\u00e3o da ind\u00fastria e propaganda e no incentivo \u00e0 alimenta\u00e7\u00e3o saud\u00e1vel.<\/p>\n\n\n\n<p>\u201cSomos de uma gera\u00e7\u00e3o em que a propaganda dizia: &#8216;Danoninho vale por um bifinho&#8217;. Daquele marco, inicia-se uma rea\u00e7\u00e3o da sociedade e organiza\u00e7\u00e3o para pensar e debater se aquela frase tinha algum fundo de verdade.&nbsp;Hoje,&nbsp;ela fica na prateleira da vergonha da propaganda. Era um Conar [Conselho Nacional Autorregulamenta\u00e7\u00e3o Publicit\u00e1ria] que n\u00e3o existia, uma regulamenta\u00e7\u00e3o que n\u00e3o existia.\u201d<\/p>\n\n\n\n<p>Segundo Mandetta, o problema \u00e9 um \u201cverdadeiro drama\u201d e o fen\u00f4meno \u00e9 global. Dados do minist\u00e9rio apontam que tr\u00eas de cada 10 crian\u00e7as de 5 a 9 anos atendidas pelo Sistema \u00danico de Sa\u00fade (SUS) est\u00e3o acima do peso, um total de 4,4 milh\u00f5es. Do total de crian\u00e7as, 16% (2,4 milh\u00f5es) est\u00e3o com sobrepeso, 8% (1,2 milh\u00e3o) com obesidade e 5% (755 mil) com obesidade grave. Abaixo de 5 anos, s\u00e3o 15,9% com excesso de peso.<\/p>\n\n\n\n<figure class=\"wp-block-image\"><img decoding=\"async\" data-src=\"http:\/\/imagens.ebc.com.br\/j6za8m6omQ1xkUgRpWfbpYHoaLI=\/754x0\/smart\/http:\/\/agenciabrasil.ebc.com.br\/sites\/default\/files\/atoms\/image\/913798-confer%C3%AAncia%20green%20rio_5.jpg?itok=kGuHZu7O\" alt=\"Produtos e alimentos cultivados sem aditivos qu\u00edmicos e sem causar danos ao meio ambiente, expostos na confer\u00eancia Green Rio - Rio Org\u00e2nico 2014, no Jardim Bot\u00e2nico (Fernando Fraz\u00e3o\/Ag\u00eancia Brasil)\" src=\"data:image\/svg+xml;base64,PHN2ZyB3aWR0aD0iMSIgaGVpZ2h0PSIxIiB4bWxucz0iaHR0cDovL3d3dy53My5vcmcvMjAwMC9zdmciPjwvc3ZnPg==\" class=\"lazyload\" \/><\/figure>\n\n\n\n<h6 class=\"wp-block-heading\">Ideia \u00e9 incentivar crian\u00e7as a seguirem alimenta\u00e7\u00e3o saud\u00e1vel e brincar longe da s telas da TV, celular e jogos eletr\u00f4nicos&nbsp; &#8211;&nbsp;<strong>Fernando Fraz\u00e3o\/Ag\u00eancia Brasil<\/strong><br><\/h6>\n\n\n\n<p>O ministro informou que a campanha ser\u00e1 multim\u00eddia e vai utilizar datas como o dia das m\u00e3es para trazer o assunto \u00e0 tona ao longo de 2020. De acordo com ele, os cursos para agente comunit\u00e1rio de sa\u00fade tamb\u00e9m v\u00e3o incluir o tema da amamenta\u00e7\u00e3o, dentro da campanha de preven\u00e7\u00e3o \u00e0 obesidade.<\/p>\n\n\n\n<p>O embaixador da campanha, o preparador f\u00edsico Marcio Atalla, disse que a obesidade infantil \u00e9 um problema s\u00e9rio e que&nbsp; existem diversos obst\u00e1culos a serem vencidos, como a facilidade de acesso a alimentos ultraprocessados e as dificuldades impostas pela falta de tempo no cotidiano das fam\u00edlias.<\/p>\n\n\n\n<p>\u201cEssas crian\u00e7as, tendo uma sa\u00fade debilitada agora, com sobrepeso e obesidade, t\u00eam o risco de ter c\u00e2ncer aumentado em 40%, e maior risco de doen\u00e7a cardiovascular. S\u00e3o as enfermidades que mais t\u00eam preval\u00eancia dentro do sistema de sa\u00fade. Ent\u00e3o, uma campanha contra a obesidade infantil \u00e9 de extrema import\u00e2ncia para a sa\u00fade no futuro, em um pa\u00eds que vai envelhecer e vai depender do sistema p\u00fablico de sa\u00fade\u201d.<\/p>\n\n\n\n<p>Al\u00e9m do Enam e do Enacs, o Centro de Conven\u00e7\u00f5es SulAmerica recebe simultaneamente a 3\u00aa Confer\u00eancia Mundial de Aleitamento Materno (WBC) e a 1\u00aa Confer\u00eancia Mundial de Alimenta\u00e7\u00e3o Complementar (WCFC). As encontros, que come\u00e7aram nesta quarta-feira (13) terminam neste s\u00e1bado (15).<\/p>\n\n\n\n<h2 class=\"wp-block-heading\">Pesquisa nutricional<\/h2>\n\n\n\n<p>A coordenadora geral de Alimenta\u00e7\u00e3o e Nutri\u00e7\u00e3o do Minist\u00e9rio, Gisele Bortolino, destacou que o \u00f3rg\u00e3o iniciou, neste ano, o Estudo Nacional de Alimenta\u00e7\u00e3o e Nutri\u00e7\u00e3o Infantil (Enani). O levantamento j\u00e1 foi finalizado em 11 estados, com 143.330 domic\u00edlios visitados. Os primeiros resultados ser\u00e3o apresentados no segundo semestre de 2020.<\/p>\n\n\n\n<p>\u201cO objetivo \u00e9 avaliar o estado nutricional das crian\u00e7as e as defici\u00eancias nutricionais. O \u00faltimo inqu\u00e9rito, de 2006, mostrava a preval\u00eancia de anemia de 20% e hipovitaminose de 17%. Ent\u00e3o, esse inqu\u00e9rito tem o objetivo n\u00e3o s\u00f3 de ver a quest\u00e3o do excesso de peso, mas tamb\u00e9m o estado nutricional e, a partir disso, fazer a discuss\u00e3o das pol\u00edticas para as quest\u00f5es encontradas.\u201d<\/p>\n\n\n\n<p>De acordo com o ministro, a pesquisa \u00e9 o \u201cmarco zero\u201d para a implanta\u00e7\u00e3o de pol\u00edticas p\u00fablicas. \u201cEsses n\u00fameros v\u00eam de fontes indiretas, por isso autorizamos esse inqu\u00e9rito. Ele vai me dar o marco zero: quantas crian\u00e7as s\u00e3o, onde est\u00e3o, quanto \u00e9 por regi\u00e3o, dentro das regi\u00f5es quais s\u00e3o os motivos principais. Tem regi\u00e3o que \u00e9 sedentarismo, outras \u00e9 alimenta\u00e7\u00e3o equivocada\u201d.<\/p>\n\n\n\n<h2 class=\"wp-block-heading\">Guia alimentar<\/h2>\n\n\n\n<p>Outra iniciativa, complementar \u00e0 campanha e dentro dos eventos de amamenta\u00e7\u00e3o, foi o lan\u00e7amento de um guia alimentar para crian\u00e7as brasileiras menores de 2 anos. Segundo os dados do Sistema de Vigil\u00e2ncia Alimentar e Nutricional (Sisvan) 2018, 49% das crian\u00e7as de 6 a 23 meses consomem alimentos ultraprocessados, 33% ingerem bebidas ado\u00e7adas e 32,3% comem macarr\u00e3o instant\u00e2neo, salgadinhos de pacote ou biscoitos salgados.<\/p>\n\n\n\n<p>Segundo Gisele Bortolino, o guia foi organizado para indicar a alimenta\u00e7\u00e3o mais correta pelo n\u00edvel de processamento dos alimentos e traz como regra de ouro \u201cdescasque mais e desembale menos\u201d. Os alimentos s\u00e3o classificados em<em>&nbsp;in natura<\/em>, minimamente processado, ingredientes culin\u00e1rios processados, processados e ultraprocessados.<\/p>\n\n\n\n<p>\u201cO guia foi atualizado com linguagem mais simples, voltado para tirar as d\u00favidas das fam\u00edlias. Os anteriores eram direcionados a profissionais de sa\u00fade. Ele inova ao trazer um cap\u00edtulo sobre culin\u00e1ria e mostra que a chegada de uma crian\u00e7a deve ser uma oportunidade para unir a fam\u00edlia, se organizar e cozinhar alimentos mais saud\u00e1veis em casa. Tamb\u00e9m foram incorporadas as crian\u00e7as vegetarianas\u201d.<\/p>\n\n\n\n<p>Com 12 passos para uma alimenta\u00e7\u00e3o saud\u00e1vel, o guia traz dicas como a amamenta\u00e7\u00e3o exclusiva at\u00e9 os 6 meses e complementa\u00e7\u00e3o at\u00e9 2 anos ou mais; n\u00e3o expor as crian\u00e7as de at\u00e9 2 anos ao a\u00e7\u00facar nem a alimentos ultraprocessados, oferecer a mesma comida de toda a fam\u00edlia e proteger a crian\u00e7a da publicidade de alimentos.<\/p>\n\n\n\n<h2 class=\"wp-block-heading\">Amamenta\u00e7\u00e3o<\/h2>\n\n\n\n<p>Os quatro eventos simult\u00e2neos que tratam do aleitamento materno e alimenta\u00e7\u00e3o complementar trazem como tema \u201cAmamenta\u00e7\u00e3o como um direito humano a ser protegido\u201d. O evento&nbsp;ter\u00e1 palestras, debates e apresenta\u00e7\u00f5es de trabalhos cient\u00edficos at\u00e9&nbsp;sexta-feira (15).<\/p>\n\n\n\n<p>Na mesa de abertura, a presidente da edi\u00e7\u00e3o da Confer\u00eancia Mundial, Marina Ferreira Rea, lembrou que os profissionais de sa\u00fade j\u00e1 sabem que caminhos seguir para evitar doen\u00e7as na inf\u00e2ncia e incentivar a alimenta\u00e7\u00e3o saud\u00e1vel, portanto n\u00e3o devem ser \u201cc\u00famplices\u201d de erros.<\/p>\n\n\n\n<p>\u201cEm meio a tantas dificuldades que tem o planeta e tantas diversidades, contrastes sociais e econ\u00f4micos, as a\u00e7\u00f5es que discutiremos aqui s\u00e3o, diferentemente de outras, fact\u00edveis. Sabemos disso. O desafio de saber nos torna c\u00famplices. Somos c\u00famplices quando n\u00e3o levamos a crian\u00e7a ao seio materno na primeira hora de vida ou quando a separamos da m\u00e3e sem necessidade.\u201d<\/p>\n\n\n\n<p>A presidente do encontro, Maria Ines Couto Oliveira, afirmou que amamentar \u00e9 um direito humano e representa a democracia com as pessoas e o planeta.<\/p>\n\n\n\n<p>\u201cTodos os companheiros de todas as ra\u00e7as e todas as etnias t\u00eam o direito de amamentar. Esse direito n\u00e3o pode ser negado por ningu\u00e9m e por nenhuma ind\u00fastria de alimentos infantis ou de bicos ou chupetas. Nenhuma tem o direito de tirar o peito da boca das crian\u00e7as, porque isso \u00e9 vida. S\u00f3 haver\u00e1 democracia nesse planeta se a m\u00e3e tiver o direito de aconchegar seu filho no seu peito e nesse momento proporcionar amor\u201d.<\/p>\n\n\n\n<p>O encontro re\u00fane cerca de 2.500 pessoas, entre profissionais de sa\u00fade, governantes, cientistas, grupos de m\u00e3es, organiza\u00e7\u00f5es da sociedade civil, ag\u00eancias das Na\u00e7\u00f5es Unidas, organismos internacionais e estudantes.<\/p>\n\n\n\n<p>O objetivo \u00e9 construir uma plataforma de a\u00e7\u00e3o pelo compartilhamento de experi\u00eancias com atores comprometidos o tema.<\/p>\n","protected":false},"excerpt":{"rendered":"<p>O Minist\u00e9rio da Sa\u00fade lan\u00e7ou a campanha&nbsp;1, 2, 3 e j\u00e1! Vamos prevenir a obesidade infantil. A ideia \u00e9 incentivar as crian\u00e7as a seguirem tr\u00eas&hellip; <\/p>\n","protected":false},"author":1,"featured_media":104019,"comment_status":"closed","ping_status":"closed","sticky":false,"template":"","format":"standard","meta":{"sfsi_plus_gutenberg_text_before_share":"","sfsi_plus_gutenberg_show_text_before_share":"","sfsi_plus_gutenberg_icon_type":"","sfsi_plus_gutenberg_icon_alignemt":"","sfsi_plus_gutenburg_max_per_row":"","footnotes":""},"categories":[16],"tags":[],"class_list":["post-135695","post","type-post","status-publish","format-standard","has-post-thumbnail","hentry","category-saude"],"_links":{"self":[{"href":"https:\/\/www.caririemacao.com\/1\/wp-json\/wp\/v2\/posts\/135695","targetHints":{"allow":["GET"]}}],"collection":[{"href":"https:\/\/www.caririemacao.com\/1\/wp-json\/wp\/v2\/posts"}],"about":[{"href":"https:\/\/www.caririemacao.com\/1\/wp-json\/wp\/v2\/types\/post"}],"author":[{"embeddable":true,"href":"https:\/\/www.caririemacao.com\/1\/wp-json\/wp\/v2\/users\/1"}],"replies":[{"embeddable":true,"href":"https:\/\/www.caririemacao.com\/1\/wp-json\/wp\/v2\/comments?post=135695"}],"version-history":[{"count":1,"href":"https:\/\/www.caririemacao.com\/1\/wp-json\/wp\/v2\/posts\/135695\/revisions"}],"predecessor-version":[{"id":135697,"href":"https:\/\/www.caririemacao.com\/1\/wp-json\/wp\/v2\/posts\/135695\/revisions\/135697"}],"wp:featuredmedia":[{"embeddable":true,"href":"https:\/\/www.caririemacao.com\/1\/wp-json\/wp\/v2\/media\/104019"}],"wp:attachment":[{"href":"https:\/\/www.caririemacao.com\/1\/wp-json\/wp\/v2\/media?parent=135695"}],"wp:term":[{"taxonomy":"category","embeddable":true,"href":"https:\/\/www.caririemacao.com\/1\/wp-json\/wp\/v2\/categories?post=135695"},{"taxonomy":"post_tag","embeddable":true,"href":"https:\/\/www.caririemacao.com\/1\/wp-json\/wp\/v2\/tags?post=135695"}],"curies":[{"name":"wp","href":"https:\/\/api.w.org\/{rel}","templated":true}]}}