{"id":135706,"date":"2019-11-15T10:28:01","date_gmt":"2019-11-15T13:28:01","guid":{"rendered":"http:\/\/www.caririemacao.com\/1\/?p=135706"},"modified":"2019-11-15T10:28:01","modified_gmt":"2019-11-15T13:28:01","slug":"prefeitura-de-caraubas-inicia-construcao-de-campo-na-zona-rural","status":"publish","type":"post","link":"https:\/\/www.caririemacao.com\/1\/2019\/11\/15\/prefeitura-de-caraubas-inicia-construcao-de-campo-na-zona-rural\/","title":{"rendered":"Prefeitura de Cara\u00fabas inicia constru\u00e7\u00e3o de campo na zona rural"},"content":{"rendered":"\n<p>A Prefeitura Municipal de Cara\u00fabas atrav\u00e9s da Secretaria de Obras P\u00fablicas e Servi\u00e7os Urbanos \u2013 SOPSUR, iniciou esta semana a constru\u00e7\u00e3o de 08(oito) campos de futebol na zona rural e no Distrito de Barreiras, no munic\u00edpio de Cara\u00fabas.<\/p>\n\n\n\n<p>Ser\u00e3o investidos recursos na ordem de mais de R$ 600.000,00 (Seiscentos Mil Reais) com contrapartida do munic\u00edpio. Os recursos s\u00f3 foram poss\u00edveis gra\u00e7as a Emenda Parlamentar de autoria do Deputado Federal Efraim Filho ainda no ano de 2017, no final do exerc\u00edcio. <\/p>\n\n\n\n<p>Ser\u00e3o constru\u00eddos campos nas comunidades do Moreira, Barriguda dos Frades, Angiquinho, Distrito de Barreiras, Curimat\u00e3es, Campos, Ponta de Serra e Salgadinho.<\/p>\n\n\n\n<p>De acordo com o secret\u00e1rio da pasta, Jos\u00e9 Marcelo Neves, os campos receber\u00e3o estrutura de sistema de drenagem, gramada natural, lance de arquibancada, demarca\u00e7\u00f5es, alambrado por tr\u00e1s das duas traves, al\u00e9m de contar com cercas de prote\u00e7\u00e3o. <\/p>\n\n\n\n<p>Segundo a construtora Mimozza, respons\u00e1vel pela obra, se tudo ocorrer dentro do cronograma esperado, em no m\u00e1ximo 5 ou 6 meses todos as unidades estar\u00e3o conclu\u00eddas, afirmou ele.<\/p>\n\n\n\n<p>O prefeito Silvano Dudu esteve presente junto com o secret\u00e1rio do planejamento, Eduardo Belo, e determinou o inicio da inspe\u00e7\u00e3o e fiscaliza\u00e7\u00e3o pelo setor de engenharia da Prefeitura de todos os campos. Essa foi uma promessa que estamos cumprindo com muita alegria, pois, atrav\u00e9s dela estaremos proporcionando aos desportistas dessas localidades uma \u00e1rea de lazer totalmente estruturada e que far\u00e1 com que crian\u00e7as, jovens, adolescentes e at\u00e9 adultos tenham um local para praticarem suas atividades educativas, desportistas e de lazer, disse ele.<\/p>\n\n\n\n<p>&#8220;Quero aqui agradecer o empenho do Deputado Efraim Filho que n\u00e3o s\u00f3 atendeu esse nossa apelo, mas tem se empenhado em capitanear e alocar recursos p\u00fablicos para investimentos em nosso munic\u00edpio. A popula\u00e7\u00e3o saber\u00e1 reconhecer e recompensar todo esse esfor\u00e7o que esta sendo feito&#8221;, concluiu ele.<\/p>\n\n\n\n<p>Fonte: SEPLACOM<\/p>\n\n\n\n<p>Foto: Miguel Filho<\/p>\n","protected":false},"excerpt":{"rendered":"<p>A Prefeitura Municipal de Cara\u00fabas atrav\u00e9s da Secretaria de Obras P\u00fablicas e Servi\u00e7os Urbanos \u2013 SOPSUR, iniciou esta semana a constru\u00e7\u00e3o de 08(oito) campos de&hellip; <\/p>\n","protected":false},"author":1,"featured_media":135708,"comment_status":"closed","ping_status":"closed","sticky":false,"template":"","format":"standard","meta":{"sfsi_plus_gutenberg_text_before_share":"","sfsi_plus_gutenberg_show_text_before_share":"","sfsi_plus_gutenberg_icon_type":"","sfsi_plus_gutenberg_icon_alignemt":"","sfsi_plus_gutenburg_max_per_row":"","footnotes":""},"categories":[6],"tags":[],"class_list":["post-135706","post","type-post","status-publish","format-standard","has-post-thumbnail","hentry","category-cidades"],"_links":{"self":[{"href":"https:\/\/www.caririemacao.com\/1\/wp-json\/wp\/v2\/posts\/135706","targetHints":{"allow":["GET"]}}],"collection":[{"href":"https:\/\/www.caririemacao.com\/1\/wp-json\/wp\/v2\/posts"}],"about":[{"href":"https:\/\/www.caririemacao.com\/1\/wp-json\/wp\/v2\/types\/post"}],"author":[{"embeddable":true,"href":"https:\/\/www.caririemacao.com\/1\/wp-json\/wp\/v2\/users\/1"}],"replies":[{"embeddable":true,"href":"https:\/\/www.caririemacao.com\/1\/wp-json\/wp\/v2\/comments?post=135706"}],"version-history":[{"count":1,"href":"https:\/\/www.caririemacao.com\/1\/wp-json\/wp\/v2\/posts\/135706\/revisions"}],"predecessor-version":[{"id":135709,"href":"https:\/\/www.caririemacao.com\/1\/wp-json\/wp\/v2\/posts\/135706\/revisions\/135709"}],"wp:featuredmedia":[{"embeddable":true,"href":"https:\/\/www.caririemacao.com\/1\/wp-json\/wp\/v2\/media\/135708"}],"wp:attachment":[{"href":"https:\/\/www.caririemacao.com\/1\/wp-json\/wp\/v2\/media?parent=135706"}],"wp:term":[{"taxonomy":"category","embeddable":true,"href":"https:\/\/www.caririemacao.com\/1\/wp-json\/wp\/v2\/categories?post=135706"},{"taxonomy":"post_tag","embeddable":true,"href":"https:\/\/www.caririemacao.com\/1\/wp-json\/wp\/v2\/tags?post=135706"}],"curies":[{"name":"wp","href":"https:\/\/api.w.org\/{rel}","templated":true}]}}