{"id":135713,"date":"2019-11-15T10:34:28","date_gmt":"2019-11-15T13:34:28","guid":{"rendered":"http:\/\/www.caririemacao.com\/1\/?p=135713"},"modified":"2019-11-15T10:34:28","modified_gmt":"2019-11-15T13:34:28","slug":"farias-agradece-indicacao-no-premio-referencia-como-vereador-mais-votado-de-monteiro-se-as-eleicoes-fossem-hoje","status":"publish","type":"post","link":"https:\/\/www.caririemacao.com\/1\/2019\/11\/15\/farias-agradece-indicacao-no-premio-referencia-como-vereador-mais-votado-de-monteiro-se-as-eleicoes-fossem-hoje\/","title":{"rendered":"Farias agradece indica\u00e7\u00e3o no PREMIO REFERENCIA como vereador mais votado de Monteiro se as elei\u00e7\u00f5es fossem hoje"},"content":{"rendered":"\n<p>O vereador Farias agradeceu pela indica\u00e7\u00e3o do seu nome, ap\u00f3s ser anunciado o resultado da pesquisa realizada pelo portal CARIRI EM A\u00c7\u00c3O para o PREMIO REFERENCIA 2019.<br>Na pesquisa realizada junto \u00e0 popula\u00e7\u00e3o, a pergunta era; SE AS ELEI\u00c7\u00d5ES FOSSEM HOJE, EM QUEM VOCE VOTARIA PARA VEREADOR?Farias foi o mais citado com 15% das pessoas entrevistadas indiciando o seu nome.<br>\u201cAgrade\u00e7o a confian\u00e7a e a lembran\u00e7a, e sempre reafirmo que hoje n\u00e3o sou vereador de apenas 700 e poucos votos que tive na \u00faltima elei\u00e7\u00e3o, mas sim um defensor de todos os monteirenses, a disposi\u00e7\u00e3o de todos com o meu trabalho\u201d, frisou Farias.<br><\/p>\n\n\n\n<p>F\u00c1BIO BRITO<br><\/p>\n","protected":false},"excerpt":{"rendered":"<p>O vereador Farias agradeceu pela indica\u00e7\u00e3o do seu nome, ap\u00f3s ser anunciado o resultado da pesquisa realizada pelo portal CARIRI EM A\u00c7\u00c3O para o PREMIO&hellip; <\/p>\n","protected":false},"author":1,"featured_media":135716,"comment_status":"closed","ping_status":"closed","sticky":false,"template":"","format":"standard","meta":{"sfsi_plus_gutenberg_text_before_share":"","sfsi_plus_gutenberg_show_text_before_share":"","sfsi_plus_gutenberg_icon_type":"","sfsi_plus_gutenberg_icon_alignemt":"","sfsi_plus_gutenburg_max_per_row":"","footnotes":""},"categories":[2],"tags":[],"class_list":["post-135713","post","type-post","status-publish","format-standard","has-post-thumbnail","hentry","category-geral"],"_links":{"self":[{"href":"https:\/\/www.caririemacao.com\/1\/wp-json\/wp\/v2\/posts\/135713","targetHints":{"allow":["GET"]}}],"collection":[{"href":"https:\/\/www.caririemacao.com\/1\/wp-json\/wp\/v2\/posts"}],"about":[{"href":"https:\/\/www.caririemacao.com\/1\/wp-json\/wp\/v2\/types\/post"}],"author":[{"embeddable":true,"href":"https:\/\/www.caririemacao.com\/1\/wp-json\/wp\/v2\/users\/1"}],"replies":[{"embeddable":true,"href":"https:\/\/www.caririemacao.com\/1\/wp-json\/wp\/v2\/comments?post=135713"}],"version-history":[{"count":1,"href":"https:\/\/www.caririemacao.com\/1\/wp-json\/wp\/v2\/posts\/135713\/revisions"}],"predecessor-version":[{"id":135717,"href":"https:\/\/www.caririemacao.com\/1\/wp-json\/wp\/v2\/posts\/135713\/revisions\/135717"}],"wp:featuredmedia":[{"embeddable":true,"href":"https:\/\/www.caririemacao.com\/1\/wp-json\/wp\/v2\/media\/135716"}],"wp:attachment":[{"href":"https:\/\/www.caririemacao.com\/1\/wp-json\/wp\/v2\/media?parent=135713"}],"wp:term":[{"taxonomy":"category","embeddable":true,"href":"https:\/\/www.caririemacao.com\/1\/wp-json\/wp\/v2\/categories?post=135713"},{"taxonomy":"post_tag","embeddable":true,"href":"https:\/\/www.caririemacao.com\/1\/wp-json\/wp\/v2\/tags?post=135713"}],"curies":[{"name":"wp","href":"https:\/\/api.w.org\/{rel}","templated":true}]}}