{"id":135722,"date":"2019-11-15T10:36:59","date_gmt":"2019-11-15T13:36:59","guid":{"rendered":"http:\/\/www.caririemacao.com\/1\/?p=135722"},"modified":"2019-11-15T10:36:59","modified_gmt":"2019-11-15T13:36:59","slug":"monteiro-matriculas-de-alunos-veteranos-do-municipio-tem-inicio-na-proxima-segunda","status":"publish","type":"post","link":"https:\/\/www.caririemacao.com\/1\/2019\/11\/15\/monteiro-matriculas-de-alunos-veteranos-do-municipio-tem-inicio-na-proxima-segunda\/","title":{"rendered":"Monteiro: Matr\u00edculas de alunos veteranos do munic\u00edpio tem in\u00edcio na pr\u00f3xima segunda"},"content":{"rendered":"\n<p>As matr\u00edculas na Rede Municipal de Ensino do munic\u00edpio de Monteiro come\u00e7am na pr\u00f3xima segunda-feira, dia 18, e seguem at\u00e9 o dia 22 de novembro, conforme cronograma elaborado pela Secretaria de Educa\u00e7\u00e3o do munic\u00edpio.<br>Nesta etapa as matr\u00edculas s\u00e3o apenas para os alunos veteranos. Os pais de alunos interessados devem estar cientes que as seguintes documenta\u00e7\u00f5es devem estar atualizadas como Cart\u00e3o do SUS, Cart\u00e3o do Programa Bolsa Fam\u00edlia, Cart\u00e3o de Vacina\u00e7\u00e3o, 2 fotos 3\u00d74 e Comprovante de Resid\u00eancia.<br>No caso das matr\u00edculas para as Creches do munic\u00edpio, os pais devem apresentar tamb\u00e9m a Declara\u00e7\u00e3o do local do trabalho da m\u00e3e.<\/p>\n","protected":false},"excerpt":{"rendered":"<p>As matr\u00edculas na Rede Municipal de Ensino do munic\u00edpio de Monteiro come\u00e7am na pr\u00f3xima segunda-feira, dia 18, e seguem at\u00e9 o dia 22 de novembro,&hellip; <\/p>\n","protected":false},"author":1,"featured_media":135724,"comment_status":"closed","ping_status":"closed","sticky":false,"template":"","format":"standard","meta":{"sfsi_plus_gutenberg_text_before_share":"","sfsi_plus_gutenberg_show_text_before_share":"","sfsi_plus_gutenberg_icon_type":"","sfsi_plus_gutenberg_icon_alignemt":"","sfsi_plus_gutenburg_max_per_row":"","footnotes":""},"categories":[14],"tags":[],"class_list":["post-135722","post","type-post","status-publish","format-standard","has-post-thumbnail","hentry","category-educacao"],"_links":{"self":[{"href":"https:\/\/www.caririemacao.com\/1\/wp-json\/wp\/v2\/posts\/135722","targetHints":{"allow":["GET"]}}],"collection":[{"href":"https:\/\/www.caririemacao.com\/1\/wp-json\/wp\/v2\/posts"}],"about":[{"href":"https:\/\/www.caririemacao.com\/1\/wp-json\/wp\/v2\/types\/post"}],"author":[{"embeddable":true,"href":"https:\/\/www.caririemacao.com\/1\/wp-json\/wp\/v2\/users\/1"}],"replies":[{"embeddable":true,"href":"https:\/\/www.caririemacao.com\/1\/wp-json\/wp\/v2\/comments?post=135722"}],"version-history":[{"count":1,"href":"https:\/\/www.caririemacao.com\/1\/wp-json\/wp\/v2\/posts\/135722\/revisions"}],"predecessor-version":[{"id":135725,"href":"https:\/\/www.caririemacao.com\/1\/wp-json\/wp\/v2\/posts\/135722\/revisions\/135725"}],"wp:featuredmedia":[{"embeddable":true,"href":"https:\/\/www.caririemacao.com\/1\/wp-json\/wp\/v2\/media\/135724"}],"wp:attachment":[{"href":"https:\/\/www.caririemacao.com\/1\/wp-json\/wp\/v2\/media?parent=135722"}],"wp:term":[{"taxonomy":"category","embeddable":true,"href":"https:\/\/www.caririemacao.com\/1\/wp-json\/wp\/v2\/categories?post=135722"},{"taxonomy":"post_tag","embeddable":true,"href":"https:\/\/www.caririemacao.com\/1\/wp-json\/wp\/v2\/tags?post=135722"}],"curies":[{"name":"wp","href":"https:\/\/api.w.org\/{rel}","templated":true}]}}