{"id":135728,"date":"2019-11-15T10:41:38","date_gmt":"2019-11-15T13:41:38","guid":{"rendered":"http:\/\/www.caririemacao.com\/1\/?p=135728"},"modified":"2019-11-15T10:41:38","modified_gmt":"2019-11-15T13:41:38","slug":"secretario-garante-chegada-de-aguas-do-sao-francisco-em-monteiro-nos-proximos-cinco-dias","status":"publish","type":"post","link":"https:\/\/www.caririemacao.com\/1\/2019\/11\/15\/secretario-garante-chegada-de-aguas-do-sao-francisco-em-monteiro-nos-proximos-cinco-dias\/","title":{"rendered":"Secret\u00e1rio garante chegada de \u00e1guas do S\u00e3o Francisco em Monteiro nos pr\u00f3ximos cinco dias"},"content":{"rendered":"\n<p>O Coordenador do Eixo Leste da Transposi\u00e7\u00e3o do Rio S\u00e3o Francisco, Tavares Junior, garantiu em contato com o deputado estadual Moacir Rodrigues (PSL), que a \u00e1gua da Transposi\u00e7\u00e3o chegou \u00e0 barragem de Barro Branco, que \u00e9 a \u00faltima barragem para chegar \u00e0 cidade de Monteiro na Para\u00edba. As \u00e1guas do velho chico, devem chegar a Para\u00edba em 5 dias.<\/p>\n\n\n\n<p>A informa\u00e7\u00e3o, conforme destacou o parlamentar, confirma a promessa do Ministro do Desenvolvimento Regional, Gustavo Canuto e do Presidente Jair Bolsonaro que garantiram o bombeamento do Eixo Leste da Transposi\u00e7\u00e3o.<\/p>\n\n\n\n<p>No come\u00e7o dessa semana, o Minist\u00e9rio informou que apesar da barragem Cacimba Nova estar em monitoramento e testes com vaz\u00e3o reduzida, as \u00e1guas do Rio S\u00e3o Francisco j\u00e1 seguem pelos canais com previs\u00e3o de chegar ao \u00faltimo reservat\u00f3rio do Eixo Leste \u2013 Campos \u2013 em novembro.<\/p>\n\n\n\n<p>Na \u00faltima segunda-feira (11) durante passagem pela Para\u00edba, o Ministro Gustavo Canuto, disse que os campinenses n\u00e3o passar\u00e3o por novo racionamento de \u00e1gua e que na segunda metade de novembro a \u00e1gua bombeada deve voltar a chegar em Monteiro atrav\u00e9s da transposi\u00e7\u00e3o.<\/p>\n\n\n\n<p><em>Com PB Agora<\/em><\/p>\n","protected":false},"excerpt":{"rendered":"<p>O Coordenador do Eixo Leste da Transposi\u00e7\u00e3o do Rio S\u00e3o Francisco, Tavares Junior, garantiu em contato com o deputado estadual Moacir Rodrigues (PSL), que a&hellip; <\/p>\n","protected":false},"author":1,"featured_media":50497,"comment_status":"closed","ping_status":"closed","sticky":false,"template":"","format":"standard","meta":{"sfsi_plus_gutenberg_text_before_share":"","sfsi_plus_gutenberg_show_text_before_share":"","sfsi_plus_gutenberg_icon_type":"","sfsi_plus_gutenberg_icon_alignemt":"","sfsi_plus_gutenburg_max_per_row":"","footnotes":""},"categories":[50,2],"tags":[],"class_list":["post-135728","post","type-post","status-publish","format-standard","has-post-thumbnail","hentry","category-destaque","category-geral"],"_links":{"self":[{"href":"https:\/\/www.caririemacao.com\/1\/wp-json\/wp\/v2\/posts\/135728","targetHints":{"allow":["GET"]}}],"collection":[{"href":"https:\/\/www.caririemacao.com\/1\/wp-json\/wp\/v2\/posts"}],"about":[{"href":"https:\/\/www.caririemacao.com\/1\/wp-json\/wp\/v2\/types\/post"}],"author":[{"embeddable":true,"href":"https:\/\/www.caririemacao.com\/1\/wp-json\/wp\/v2\/users\/1"}],"replies":[{"embeddable":true,"href":"https:\/\/www.caririemacao.com\/1\/wp-json\/wp\/v2\/comments?post=135728"}],"version-history":[{"count":1,"href":"https:\/\/www.caririemacao.com\/1\/wp-json\/wp\/v2\/posts\/135728\/revisions"}],"predecessor-version":[{"id":135730,"href":"https:\/\/www.caririemacao.com\/1\/wp-json\/wp\/v2\/posts\/135728\/revisions\/135730"}],"wp:featuredmedia":[{"embeddable":true,"href":"https:\/\/www.caririemacao.com\/1\/wp-json\/wp\/v2\/media\/50497"}],"wp:attachment":[{"href":"https:\/\/www.caririemacao.com\/1\/wp-json\/wp\/v2\/media?parent=135728"}],"wp:term":[{"taxonomy":"category","embeddable":true,"href":"https:\/\/www.caririemacao.com\/1\/wp-json\/wp\/v2\/categories?post=135728"},{"taxonomy":"post_tag","embeddable":true,"href":"https:\/\/www.caririemacao.com\/1\/wp-json\/wp\/v2\/tags?post=135728"}],"curies":[{"name":"wp","href":"https:\/\/api.w.org\/{rel}","templated":true}]}}