{"id":135735,"date":"2019-11-15T10:44:47","date_gmt":"2019-11-15T13:44:47","guid":{"rendered":"http:\/\/www.caririemacao.com\/1\/?p=135735"},"modified":"2019-11-15T10:44:47","modified_gmt":"2019-11-15T13:44:47","slug":"secretaria-de-saude-de-caraubas-realiza-exames-de-mamografia-atraves-do-amigos-do-peito","status":"publish","type":"post","link":"https:\/\/www.caririemacao.com\/1\/2019\/11\/15\/secretaria-de-saude-de-caraubas-realiza-exames-de-mamografia-atraves-do-amigos-do-peito\/","title":{"rendered":"Secretaria de Sa\u00fade de Cara\u00fabas realiza exames de mamografia atrav\u00e9s do \u2018Amigos do Peito\u2019"},"content":{"rendered":"\n<p>Foi realizada na tarde da \u00faltima quarta-feira, dia 13\/11, em frente as instala\u00e7\u00f5es da Unidade B\u00e1sica da Sa\u00fade Severino Virg\u00ednio da Silva na cidade de Cara\u00fabas a solenidade de realiza\u00e7\u00e3o de exames de mamografia referente a campanha Outubro Rosa.<\/p>\n\n\n\n<div class=\"wp-block-image\"><figure class=\"alignright\"><img decoding=\"async\" data-src=\"http:\/\/deolhonocariri.com.br\/wp-content\/uploads\/2019\/11\/73173860_2397737667002009_8018424592664100864_o.jpg\" alt=\"\" class=\"wp-image-73975 lazyload\" src=\"data:image\/svg+xml;base64,PHN2ZyB3aWR0aD0iMSIgaGVpZ2h0PSIxIiB4bWxucz0iaHR0cDovL3d3dy53My5vcmcvMjAwMC9zdmciPjwvc3ZnPg==\" \/><\/figure><\/div>\n\n\n\n<p>Num evento bastante concorrido e com a presen\u00e7a de dezenas de mulheres selecionadas dentro dos crit\u00e9rios do Programa o secret\u00e1rio do Planejamento, jornalista Eduardo Belo representou o prefeito Silvano Dudu, ausente em virtude de compromissos de agenda administrativa no Minist\u00e9rio P\u00fablico, al\u00e9m do secret\u00e1rio da Sa\u00fade Leonardo Eneas, da vereadora e primeira dama do munic\u00edpio, Neide de Assis, do vereador Teinha da Sa\u00fade, al\u00e9m do diretor da Aten\u00e7\u00e3o B\u00e1sica Dr. Reinier Miranda, dos profissionais da sa\u00fade lotadas naquela unidade da sa\u00fade, bem como, da diretora da UBSF II, a senhora Claudiane Alves(Preta), do Distrito de Barreiras.<\/p>\n\n\n\n<p>De acordo com o secret\u00e1rio da sa\u00fade, Leonardo Eneas, esse momento esta sendo realizado nesta data em virtude de um problema com o ve\u00edculo que realiza os exames, mas que faz parte da Campanha Outubro Rosa de preven\u00e7\u00e3o ao c\u00e2ncer de mama. Foram disponibilizados 80(oitenta) exames de mamografia para todas as pessoas do munic\u00edpio, num trabalho de pr\u00e9-sele\u00e7\u00e3o realizados pelos profissionais das nossas unidades, tanto de Cara\u00fabas como tamb\u00e9m do Distrito de Barreiras, afirmou Leonardo.<\/p>\n\n\n\n<div class=\"wp-block-image\"><figure class=\"aligncenter\"><img decoding=\"async\" data-src=\"http:\/\/deolhonocariri.com.br\/wp-content\/uploads\/2019\/11\/74667878_2397737970335312_1812115919875342336_o.jpg\" alt=\"\" class=\"wp-image-73976 lazyload\" src=\"data:image\/svg+xml;base64,PHN2ZyB3aWR0aD0iMSIgaGVpZ2h0PSIxIiB4bWxucz0iaHR0cDovL3d3dy53My5vcmcvMjAwMC9zdmciPjwvc3ZnPg==\" \/><\/figure><\/div>\n\n\n\n<p>Em seu discurso o secret\u00e1rio do Planejamento, jornalista Eduardo Belo, reafirmou o compromisso da atual gest\u00e3o e a preocupa\u00e7\u00e3o di\u00e1ria do prefeito Silvano Dudu em ofertar sa\u00fade de qualidade a cada cidad\u00e3o caraubense.<\/p>\n\n\n\n<p>O povo deste munic\u00edpio merece nosso respeito e admira\u00e7\u00e3o, pois, em pouco tempo de gest\u00e3o j\u00e1 recebeu e continuar\u00e1 recebendo importantes investimentos, como aquisi\u00e7\u00e3o de ambul\u00e2ncias, de novos equipamentos m\u00e9dicos, de conv\u00eanios como o do CISCO, de capacita\u00e7\u00e3o dos profissionais da \u00e1rea, de sala de urg\u00eancia e emerg\u00eancia, da presen\u00e7a de v\u00e1rios m\u00e9dicos de diversas \u00e1reas afins, como a cardiologia, por exemplo.&nbsp;Enfim, hoje \u00e9 mais um dia para celebrarmos a presen\u00e7a do amigo do peito em nosso munic\u00edpio trabalhando com a preven\u00e7\u00e3o. Isso \u00e9 aten\u00e7\u00e3o b\u00e1sica a sa\u00fade de quem mais precisa, concluiu ele.<\/p>\n\n\n\n<p><em>Com Seplacom<\/em><\/p>\n","protected":false},"excerpt":{"rendered":"<p>Foi realizada na tarde da \u00faltima quarta-feira, dia 13\/11, em frente as instala\u00e7\u00f5es da Unidade B\u00e1sica da Sa\u00fade Severino Virg\u00ednio da Silva na cidade de&hellip; <\/p>\n","protected":false},"author":1,"featured_media":135737,"comment_status":"closed","ping_status":"closed","sticky":false,"template":"","format":"standard","meta":{"sfsi_plus_gutenberg_text_before_share":"","sfsi_plus_gutenberg_show_text_before_share":"","sfsi_plus_gutenberg_icon_type":"","sfsi_plus_gutenberg_icon_alignemt":"","sfsi_plus_gutenburg_max_per_row":"","footnotes":""},"categories":[6],"tags":[],"class_list":["post-135735","post","type-post","status-publish","format-standard","has-post-thumbnail","hentry","category-cidades"],"_links":{"self":[{"href":"https:\/\/www.caririemacao.com\/1\/wp-json\/wp\/v2\/posts\/135735","targetHints":{"allow":["GET"]}}],"collection":[{"href":"https:\/\/www.caririemacao.com\/1\/wp-json\/wp\/v2\/posts"}],"about":[{"href":"https:\/\/www.caririemacao.com\/1\/wp-json\/wp\/v2\/types\/post"}],"author":[{"embeddable":true,"href":"https:\/\/www.caririemacao.com\/1\/wp-json\/wp\/v2\/users\/1"}],"replies":[{"embeddable":true,"href":"https:\/\/www.caririemacao.com\/1\/wp-json\/wp\/v2\/comments?post=135735"}],"version-history":[{"count":1,"href":"https:\/\/www.caririemacao.com\/1\/wp-json\/wp\/v2\/posts\/135735\/revisions"}],"predecessor-version":[{"id":135738,"href":"https:\/\/www.caririemacao.com\/1\/wp-json\/wp\/v2\/posts\/135735\/revisions\/135738"}],"wp:featuredmedia":[{"embeddable":true,"href":"https:\/\/www.caririemacao.com\/1\/wp-json\/wp\/v2\/media\/135737"}],"wp:attachment":[{"href":"https:\/\/www.caririemacao.com\/1\/wp-json\/wp\/v2\/media?parent=135735"}],"wp:term":[{"taxonomy":"category","embeddable":true,"href":"https:\/\/www.caririemacao.com\/1\/wp-json\/wp\/v2\/categories?post=135735"},{"taxonomy":"post_tag","embeddable":true,"href":"https:\/\/www.caririemacao.com\/1\/wp-json\/wp\/v2\/tags?post=135735"}],"curies":[{"name":"wp","href":"https:\/\/api.w.org\/{rel}","templated":true}]}}