{"id":135745,"date":"2019-11-15T10:48:14","date_gmt":"2019-11-15T13:48:14","guid":{"rendered":"http:\/\/www.caririemacao.com\/1\/?p=135745"},"modified":"2019-11-15T10:48:14","modified_gmt":"2019-11-15T13:48:14","slug":"11o-batalhao-de-policia-militar-completa-9-anos-de-sua-ativacao","status":"publish","type":"post","link":"https:\/\/www.caririemacao.com\/1\/2019\/11\/15\/11o-batalhao-de-policia-militar-completa-9-anos-de-sua-ativacao\/","title":{"rendered":"11\u00ba Batalh\u00e3o de pol\u00edcia militar completa 9 anos de sua ativa\u00e7\u00e3o"},"content":{"rendered":"\n<p>O 11\u00ba Batalh\u00e3o de Policia Militar da Para\u00edba, localizado na cidade de Monteiro-PB, realizou na quinta-feira, dia 14, uma solenidade comemorando os 09 anos de seu anivers\u00e1rio. O evento contou a participa\u00e7\u00e3o do comandante o CPRI Coronel Val\u00e9rio, o subcomandante do 8\u00ba Batalh\u00e3o Major Maxuel de Lima, o Juiz Rodrigo da Comarca de Monteiro, o Sr Pedro Ataide da Pol\u00edcia Rodovi\u00e1ria Federal de Campina Grande, o Subcomandante da 3\u00aa CIPM o Capit\u00e3o Guilherme, o Procurador Sergio representando a prefeitura de Monteiro, o sr. \u00c9den Duarte Prefeito de Sum\u00e9-PB, a Sr\u00aa. Carolina Azevedo representate do MPF, o Dr Nilo Feitosa, o Capit\u00e3o Ralisson da 3 CPTran, a Banda de M\u00fasica da PMPB e o Major Artime Vieira, representante da Casa Militar.<\/p>\n\n\n\n<p>No encontro v\u00e1rios militares foram homenageados com entrega de comenda pelos relevantes servi\u00e7os prestados a Corpora\u00e7\u00e3o e a sociedade.<\/p>\n\n\n\n<p>HIST\u00d3RICO DO BATALH\u00c3O<\/p>\n\n\n\n<p>Por uma necessidade estrat\u00e9gica de redimensionamento operacional da Pol\u00edcia Militar da Para\u00edba, a ent\u00e3o 8\u00aa Companhia de Pol\u00edcia Militar do 2\u00ba BPM, deu lugar ao 11\u00ba Batalh\u00e3o de Pol\u00edcia Militar \u2013 Batalh\u00e3o 1\u00ba Sargento Ylton Sales Silva, que foi criado atrav\u00e9s da Lei Complementar n\u00ba 87\/2008.<\/p>\n\n\n\n<p>A cobertura de responsabilidade do Batalh\u00e3o 1\u00ba Sargento Ylton Sales Silva, sediado nesta cidade de Monteiro, compreende cerca de 17 (dezessete) cidades, com uma \u00e1rea territorial de 8.559.867 quil\u00f4metros quadrados, e popula\u00e7\u00e3o de aproximadamente 134.187 habitantes.<\/p>\n\n\n\n<p>DE JANEIRO A OUTUBRO DE 2019 O 11\u00ba BATALH\u00c3O COMEMORA SEU ANIVERS\u00c1RIO COM A REDU\u00c7\u00c3O DE CRIMES NA REGI\u00c3O DO CARIRI<\/p>\n\n\n\n<p>\u2013 REDU\u00c7\u00c3O DE HOMIC\u00cdDIOS: no ano de 2018 foram 31 Crimes Violentos Letais Intencionais, j\u00e1 este ano at\u00e9 outubro teve uma redu\u00e7\u00e3o para 12 CVLI;<br>\u2013 APREENS\u00c3O DE ARMAS DE FOGO: 228 armas de fogo foram apreendidas;<br>\u2013 VE\u00cdCULOS RECUPERADOS PELA PM: foram 109 ve\u00edculos recuperados com restri\u00e7\u00e3o de furto\/roubo;<br>\u2013 VE\u00cdCULOS CONDUZIDOS PELA PM: sa\u00edram das ruas 438 que estavam com irregularidades;<br>\u2013 ENTORPECENTES APREENDIDOS: foram apreendidos um total de 4.345 quilos de maconha, 800 gramas de coca\u00edna e 543 gramas de crack;<br>\u2013 PESSOAS CONDUZIDAS A DP: a pol\u00edcia militar no cariri realizou 908 pris\u00f5es at\u00e9 o m\u00eas de outubro;<br>\u2013 ATENDIMENTOS PELO 190: foram atendidas 2.252 chamadas de emerg\u00eancia na \u00e1rea da 14\u00aa AISP;<\/p>\n\n\n\n<figure class=\"wp-block-image\"><img decoding=\"async\" data-src=\"http:\/\/hora1pb.com.br\/wp-content\/uploads\/2019\/11\/IMG-20191114-WA0587-300x225.jpg\" alt=\"\" class=\"wp-image-16006 lazyload\" src=\"data:image\/svg+xml;base64,PHN2ZyB3aWR0aD0iMSIgaGVpZ2h0PSIxIiB4bWxucz0iaHR0cDovL3d3dy53My5vcmcvMjAwMC9zdmciPjwvc3ZnPg==\" style=\"--smush-placeholder-width: 300px; --smush-placeholder-aspect-ratio: 300\/225;\" \/><\/figure>\n\n\n\n<figure class=\"wp-block-image\"><img decoding=\"async\" data-src=\"http:\/\/hora1pb.com.br\/wp-content\/uploads\/2019\/11\/IMG-20191114-WA0588-300x225.jpg\" alt=\"\" class=\"wp-image-16005 lazyload\" src=\"data:image\/svg+xml;base64,PHN2ZyB3aWR0aD0iMSIgaGVpZ2h0PSIxIiB4bWxucz0iaHR0cDovL3d3dy53My5vcmcvMjAwMC9zdmciPjwvc3ZnPg==\" style=\"--smush-placeholder-width: 300px; --smush-placeholder-aspect-ratio: 300\/225;\" \/><\/figure>\n\n\n\n<p><a href=\"http:\/\/hora1pb.com.br\/#facebook\" rel=\"noreferrer noopener\" target=\"_blank\"><br><\/a><\/p>\n","protected":false},"excerpt":{"rendered":"<p>O 11\u00ba Batalh\u00e3o de Policia Militar da Para\u00edba, localizado na cidade de Monteiro-PB, realizou na quinta-feira, dia 14, uma solenidade comemorando os 09 anos de&hellip; <\/p>\n","protected":false},"author":1,"featured_media":135747,"comment_status":"closed","ping_status":"closed","sticky":false,"template":"","format":"standard","meta":{"sfsi_plus_gutenberg_text_before_share":"","sfsi_plus_gutenberg_show_text_before_share":"","sfsi_plus_gutenberg_icon_type":"","sfsi_plus_gutenberg_icon_alignemt":"","sfsi_plus_gutenburg_max_per_row":"","footnotes":""},"categories":[50,2],"tags":[],"class_list":["post-135745","post","type-post","status-publish","format-standard","has-post-thumbnail","hentry","category-destaque","category-geral"],"_links":{"self":[{"href":"https:\/\/www.caririemacao.com\/1\/wp-json\/wp\/v2\/posts\/135745","targetHints":{"allow":["GET"]}}],"collection":[{"href":"https:\/\/www.caririemacao.com\/1\/wp-json\/wp\/v2\/posts"}],"about":[{"href":"https:\/\/www.caririemacao.com\/1\/wp-json\/wp\/v2\/types\/post"}],"author":[{"embeddable":true,"href":"https:\/\/www.caririemacao.com\/1\/wp-json\/wp\/v2\/users\/1"}],"replies":[{"embeddable":true,"href":"https:\/\/www.caririemacao.com\/1\/wp-json\/wp\/v2\/comments?post=135745"}],"version-history":[{"count":1,"href":"https:\/\/www.caririemacao.com\/1\/wp-json\/wp\/v2\/posts\/135745\/revisions"}],"predecessor-version":[{"id":135748,"href":"https:\/\/www.caririemacao.com\/1\/wp-json\/wp\/v2\/posts\/135745\/revisions\/135748"}],"wp:featuredmedia":[{"embeddable":true,"href":"https:\/\/www.caririemacao.com\/1\/wp-json\/wp\/v2\/media\/135747"}],"wp:attachment":[{"href":"https:\/\/www.caririemacao.com\/1\/wp-json\/wp\/v2\/media?parent=135745"}],"wp:term":[{"taxonomy":"category","embeddable":true,"href":"https:\/\/www.caririemacao.com\/1\/wp-json\/wp\/v2\/categories?post=135745"},{"taxonomy":"post_tag","embeddable":true,"href":"https:\/\/www.caririemacao.com\/1\/wp-json\/wp\/v2\/tags?post=135745"}],"curies":[{"name":"wp","href":"https:\/\/api.w.org\/{rel}","templated":true}]}}