{"id":135759,"date":"2019-11-15T12:35:38","date_gmt":"2019-11-15T15:35:38","guid":{"rendered":"http:\/\/www.caririemacao.com\/1\/?p=135759"},"modified":"2019-11-15T12:35:38","modified_gmt":"2019-11-15T15:35:38","slug":"amcap-reune-prefeitos-e-liderancas-do-cariri-e-tracam-estrategias-contra-pec-da-extincao-de-municipios","status":"publish","type":"post","link":"https:\/\/www.caririemacao.com\/1\/2019\/11\/15\/amcap-reune-prefeitos-e-liderancas-do-cariri-e-tracam-estrategias-contra-pec-da-extincao-de-municipios\/","title":{"rendered":"AMCAP re\u00fane prefeitos e lideran\u00e7as do Cariri e tra\u00e7am estrat\u00e9gias contra PEC da extin\u00e7\u00e3o de munic\u00edpios"},"content":{"rendered":"\n<p>Na manh\u00e3 desta \u00faltima quinta-feira(14) foi realizada na cidade de Gurj\u00e3o -PB, uma reuni\u00e3o promovida pela AMCAP (Associa\u00e7\u00e3o dos Munic\u00edpios do Cariri Paraibano).<\/p>\n\n\n\n<p>Na oportunidade, v\u00e1rios prefeitos, presidentes de c\u00e2maras e representantes pol\u00edticos da regi\u00e3o do Cariri, estiveram discutindo sobre a situa\u00e7\u00e3o da PEC apresentada pelo Governo Federal que trata, dentre outros pontos, da extin\u00e7\u00e3o dos munic\u00edpios com popula\u00e7\u00e3o inferior a 5 mil habitantes e arrecada\u00e7\u00e3o pr\u00f3pria inferior a 10% do total das receitas.<\/p>\n\n\n\n<div class=\"wp-block-image\"><figure class=\"alignright\"><img decoding=\"async\" data-src=\"http:\/\/deolhonocariri.com.br\/wp-content\/uploads\/2019\/11\/73023618_2932557433498448_7046548960449658880_n.jpg\" alt=\"\" class=\"wp-image-74002 lazyload\" src=\"data:image\/svg+xml;base64,PHN2ZyB3aWR0aD0iMSIgaGVpZ2h0PSIxIiB4bWxucz0iaHR0cDovL3d3dy53My5vcmcvMjAwMC9zdmciPjwvc3ZnPg==\" \/><\/figure><\/div>\n\n\n\n<p>O Prefeito Ronaldo Queiroz agradeceu a presen\u00e7a de todos e evidenciou a uni\u00e3o para que essa PEC possa morrer ainda nas comiss\u00f5es e falou do retrocesso que estamos passando ao inv\u00e9s de estarmos falando de novas a\u00e7\u00f5es para os munic\u00edpios estamos debatendo sobre exclus\u00e3o dos mesmos. Em seguida, a Presidente da C\u00e2mara de Gurj\u00e3o, Maria Elizete, pediu uni\u00e3o na luta e resist\u00eancia em meio a mais uma medida louca do Presidente Bolsonaro.<\/p>\n\n\n\n<p>O Prefeito Givaldo Limeira fez uma analogia sobre a realidade de seu munic\u00edpio, Coxixola, e demonstrou a inviabilidade dele voltar a pertencer a Serra Branca e manter toda a assist\u00eancia a popula\u00e7\u00e3o local. O Prefeito C\u00e9lio Barbosa falou que \u00e9 preciso dar as m\u00e3os para que as pequenas cidades sejam ouvidas e que os nossos representantes saibam que estamos atentos para todos os passos desse projeto nefasto.<\/p>\n\n\n\n<p>Na regi\u00e3o do Cariri, 16 munic\u00edpios se encachariam dentro da Proposta de Emenda \u00e0 Constitui\u00e7\u00e3o (PEC) do Pacto Federativo, que prev\u00ea que os munic\u00edpios com menos de 5 mil habitantes e arrecada\u00e7\u00e3o pr\u00f3pria inferior a 10% da receita total sejam incorporados pelo munic\u00edpio vizinho.<\/p>\n\n\n\n<p>Estiveram presentes ao evento, o Prefeito In\u00e1cio N\u00f3brega ao lado do Vereador Duda Barnab\u00e9 e a chefe de Gabinete Josenice representando a cidade de Amparo, o Prefeito Junior Quirino representou a cidade do Congo , o Prefeito Givaldo e o Presidente da C\u00e2mara Josemar representaram Coxixola, o Prefeito Silvano Dudu e o Vereador Nero Presidente da C\u00e2mara representaram Cara\u00fabas, os Vereadores Marcelo Farias , Junior Moraes , Robson Cordeiro, Diogo Coutinho, Sandro e Gilberto representaram a cidade de Gurj\u00e3o junto ao prefeito Ronaldo Queiroz, o Prefeito Junior Nobrega representou a Prata, o Vereador Junior Calu\u00eate representou a cidade de Parari, o Secret\u00e1rio Edglay Amorim representou Santo Andr\u00e9, o Prefeito Jefferson Roberto e o Vereador Adiel representaram S\u00e3o Jos\u00e9 dos Cordeiros, a Prefeita Inara Marinho o vice Onildo e Presidente da C\u00e2mara, Jailson Jos\u00e9 representaram S\u00e3o Domingos do Cariri, de Sao Jo\u00e3o do Tigre al\u00e9m do Prefeito C\u00e9lio estiveram presentes o Secret\u00e1rio Marcio Leite e o Presidente da C\u00e2mara Arn\u00f3bio Pereira , o Prefeito Helder Trajano esteve ao lado do Presidente da C\u00e2mara Beto Gaud\u00eancio e o vereador Francisco Junior representando a cidade de S\u00e3o Jo\u00e3o do Cariri e o Prefeito Adriano Wolff esteve ao lado do seu Vice Prefeito Chico Mariano e a Vereadora Celinha.<\/p>\n\n\n\n<div class=\"wp-block-image\"><figure class=\"aligncenter\"><img decoding=\"async\" data-src=\"http:\/\/deolhonocariri.com.br\/wp-content\/uploads\/2019\/11\/74911760_2932556836831841_340477291802918912_n.jpg\" alt=\"\" class=\"wp-image-74004 lazyload\" src=\"data:image\/svg+xml;base64,PHN2ZyB3aWR0aD0iMSIgaGVpZ2h0PSIxIiB4bWxucz0iaHR0cDovL3d3dy53My5vcmcvMjAwMC9zdmciPjwvc3ZnPg==\" \/><\/figure><\/div>\n\n\n\n<p>Em uma segunda pauta, foi tratada da situa\u00e7\u00e3o dif\u00edcil enfrentada pelo Hospital da FAP de Campina Grande, em busca de construirmos uma maneira de colabora\u00e7\u00e3o por parte dos munic\u00edpios, uma vez que somos todos usu\u00e1rios dos seus servi\u00e7os, para que possamos continuar contando com os valiosos pr\u00e9stimos daquela institui\u00e7\u00e3o.<\/p>\n\n\n\n<p>De Olho no Cariri<\/p>\n","protected":false},"excerpt":{"rendered":"<p>Na manh\u00e3 desta \u00faltima quinta-feira(14) foi realizada na cidade de Gurj\u00e3o -PB, uma reuni\u00e3o promovida pela AMCAP (Associa\u00e7\u00e3o dos Munic\u00edpios do Cariri Paraibano). Na oportunidade,&hellip; <\/p>\n","protected":false},"author":1,"featured_media":135762,"comment_status":"closed","ping_status":"closed","sticky":false,"template":"","format":"standard","meta":{"sfsi_plus_gutenberg_text_before_share":"","sfsi_plus_gutenberg_show_text_before_share":"","sfsi_plus_gutenberg_icon_type":"","sfsi_plus_gutenberg_icon_alignemt":"","sfsi_plus_gutenburg_max_per_row":"","footnotes":""},"categories":[6,50],"tags":[],"class_list":["post-135759","post","type-post","status-publish","format-standard","has-post-thumbnail","hentry","category-cidades","category-destaque"],"_links":{"self":[{"href":"https:\/\/www.caririemacao.com\/1\/wp-json\/wp\/v2\/posts\/135759","targetHints":{"allow":["GET"]}}],"collection":[{"href":"https:\/\/www.caririemacao.com\/1\/wp-json\/wp\/v2\/posts"}],"about":[{"href":"https:\/\/www.caririemacao.com\/1\/wp-json\/wp\/v2\/types\/post"}],"author":[{"embeddable":true,"href":"https:\/\/www.caririemacao.com\/1\/wp-json\/wp\/v2\/users\/1"}],"replies":[{"embeddable":true,"href":"https:\/\/www.caririemacao.com\/1\/wp-json\/wp\/v2\/comments?post=135759"}],"version-history":[{"count":1,"href":"https:\/\/www.caririemacao.com\/1\/wp-json\/wp\/v2\/posts\/135759\/revisions"}],"predecessor-version":[{"id":135763,"href":"https:\/\/www.caririemacao.com\/1\/wp-json\/wp\/v2\/posts\/135759\/revisions\/135763"}],"wp:featuredmedia":[{"embeddable":true,"href":"https:\/\/www.caririemacao.com\/1\/wp-json\/wp\/v2\/media\/135762"}],"wp:attachment":[{"href":"https:\/\/www.caririemacao.com\/1\/wp-json\/wp\/v2\/media?parent=135759"}],"wp:term":[{"taxonomy":"category","embeddable":true,"href":"https:\/\/www.caririemacao.com\/1\/wp-json\/wp\/v2\/categories?post=135759"},{"taxonomy":"post_tag","embeddable":true,"href":"https:\/\/www.caririemacao.com\/1\/wp-json\/wp\/v2\/tags?post=135759"}],"curies":[{"name":"wp","href":"https:\/\/api.w.org\/{rel}","templated":true}]}}