{"id":135770,"date":"2019-11-15T12:39:36","date_gmt":"2019-11-15T15:39:36","guid":{"rendered":"http:\/\/www.caririemacao.com\/1\/?p=135770"},"modified":"2019-11-15T12:39:36","modified_gmt":"2019-11-15T15:39:36","slug":"prefeito-inacio-nobrega-esteve-presente-em-reuniao-da-amcap-que-discutiu-pec-pela-extincao-dos-municipios","status":"publish","type":"post","link":"https:\/\/www.caririemacao.com\/1\/2019\/11\/15\/prefeito-inacio-nobrega-esteve-presente-em-reuniao-da-amcap-que-discutiu-pec-pela-extincao-dos-municipios\/","title":{"rendered":"Prefeito In\u00e1cio N\u00f3brega esteve presente em reuni\u00e3o da AMCAP que discutiu PEC pela extin\u00e7\u00e3o dos munic\u00edpios"},"content":{"rendered":"\n<p>A AMCAP (Associa\u00e7\u00e3o do Munic\u00edpios do Cariri Paraibano)reuniu Prefeitos , vice-Prefeitos e Vereadores na cidade de Gurj\u00e3o nesta quinta (14), onde na pauta da reuni\u00e3o estava a discuss\u00e3o sobre a PEC que pede a exclus\u00e3o de munic\u00edpios abaixo de 5 mil habitantes, sobre o comando do Presidente Ronaldo Queiroz (Gurj\u00e3o), 1\u00b0 vice Presidente Givaldo Limeira (Coxixola) e o 2\u00b0 vice Presidente C\u00e9lio Barbosa (S\u00e3o Jo\u00e3o do Tigre) , alem da Presidente da C\u00e2mara de Gurj\u00e3o Maria Elizete que representou todos os Vereadores, a vice Prefeita de Gurj\u00e3o T\u00e9rcia Borges que representou os vice- Prefeitos que estiveram no evento e Dr\u00b0 Paulo Marcelo que representou a FAP, com a forma\u00e7\u00e3o da mesa foi aberta as falas&nbsp; em seguida o Prefeito Ronaldo Queiroz agradeceu a presen\u00e7a de todos , evidenciou a uni\u00e3o de todos para que&nbsp; essa PEC possa morrer ainda&nbsp; nas comiss\u00f5es e falou do retrocesso que estamos passando ao inv\u00e9s de estarmos falando de novas a\u00e7\u00f5es para os munic\u00edpios estamos debatendo sobre exclus\u00e3o dos mesmos, em seguida a Presidente da C\u00e2mara de Gurj\u00e3o Elizete pediu uni\u00e3o na luta e que n\u00e3o podemos nos enfraquecer por mais uma medida louca do Presidente Bolsonaro , logo ap\u00f3s o Prefeito Givaldo fez uma analogia de sua munic\u00edpio onde mostrou a esfera que o mesmo tem em sua gest\u00e3o e por fim exemplificou&nbsp; como se a mesma voltasse a pertencer a &nbsp;Serra Branca o dano que a popula\u00e7\u00e3o iria passar , em seguida o Prefeito C\u00e9lio Barbosa falou que temos dar as m\u00e3os estamos na ponta de tudo e por isso precisamos ser ouvidos e que os nossos representantes saibam que estamos atentos para todos os passos e como disse o Prefeito Ronaldo essa PEC tem que morrer nas comiss\u00f5es.<br><a href=\"https:\/\/1.bp.blogspot.com\/-k_XKtZSacxI\/Xc6xrJJ_40I\/AAAAAAABFlo\/zAVKJ8hPFbUNvVKjtSOGzZmNNi_OggEzgCLcBGAsYHQ\/s1600\/2483_44.jpg\"><\/a><br>Na regi\u00e3o do Cariri, 16 munic\u00edpios se encachariam dentro da Proposta de Emenda \u00e0 Constitui\u00e7\u00e3o (PEC) do Pacto Federativo, que prev\u00ea que os munic\u00edpios com menos de 5 mil habitantes e arrecada\u00e7\u00e3o pr\u00f3pria inferior a 10% da receita total sejam incorporados pelo munic\u00edpio vizinho, estiveram presente o&nbsp;<strong>Prefeito In\u00e1cio N\u00f3brega ao lado do Vereador Duda Barnab\u00e9 e a chefe de Gabinete Josenice representando a cidade de Amparo,&nbsp;<\/strong>o Prefeito Junior Quirino representou a cidade do Congo, o Prefeito Givaldo e o Presidente da C\u00e2mara Josemar representaram Coxixola, o Prefeito Silvano Dudu e o Vereador Nero Presidente da C\u00e2mara representaram Cara\u00fabas, os Vereadores Marcelo Farias, Junior Moraes, RObson Cordeiros, Diogo Coutinho, Sandro&nbsp;&nbsp;e Gilberto representaram a cidade de Gurj\u00e3o, o Prefeito Junior Nobrega representou a Prata, o Vereador Junior Calu\u00eate representou a cidade de Parari, o Secret\u00e1rio Edglay Amorim representou a cidade de Santo Andr\u00e9, o Prefeito Jefferson Roberto e o Vereador Adiel representaram S\u00e3o Jos\u00e9 dos Cordeiros, a Prefeita Inara Marinho o vice Onildo e Presidente da C\u00e2mara representaram S\u00e3o Domingos do Cariri, de Sao Jo\u00e3o do Tigre al\u00e9m do Prefeito C\u00e9lio estiveram presentes o Secret\u00e1rio Marcio Leite e o Presidente da C\u00e2mara Arn\u00f3bio Pereira, o Prefeito Helder Trajano esteve ao lado dos Vereadores Beto e Francisco Junior representando a cidade de S\u00e3o Jo\u00e3o do Cariri, o Prefeito Adriano Wolff esteve ai lado do seu Vice Prefeito Chico Mariano e a Vereadora Celinha.<br>Ao fim da reuni\u00e3o foi assinado um documento que ser\u00e1 entregue a todos os Deputados Estaduais, Federais e Senadores e encerrando a reuni\u00e3o o Dr\u00b0 Paulo Marcelo falou em nome da FAP na oportunidade o Prefeito Ronaldo exp\u00f4s seu projeto de lei que doa valores fixo para a entidade onde diversos Prefeitos solicitaram c\u00f3pias , por fim o Presidente da AMCAP e Prefeito Ronaldo Queiroz comunicou que nesses pr\u00f3ximos dias estar\u00e1 sendo inaugurada a nova sede da entidade em Serra Branca.<br><\/p>\n\n\n\n<figure class=\"wp-block-image\"><a href=\"https:\/\/1.bp.blogspot.com\/-SVK5hSHnNaw\/Xc6xlei01wI\/AAAAAAABFlk\/2GNdPT25WZwCx06UTriRNH6HZpj2gcxcQCEwYBhgL\/s1600\/2483_76.jpg\"><img decoding=\"async\" data-src=\"https:\/\/1.bp.blogspot.com\/-SVK5hSHnNaw\/Xc6xlei01wI\/AAAAAAABFlk\/2GNdPT25WZwCx06UTriRNH6HZpj2gcxcQCEwYBhgL\/s640\/2483_76.jpg\" alt=\"\" src=\"data:image\/svg+xml;base64,PHN2ZyB3aWR0aD0iMSIgaGVpZ2h0PSIxIiB4bWxucz0iaHR0cDovL3d3dy53My5vcmcvMjAwMC9zdmciPjwvc3ZnPg==\" class=\"lazyload\" \/><\/a><\/figure>\n\n\n\n<p><a href=\"https:\/\/1.bp.blogspot.com\/-ycgboLSEnkw\/Xc6x3-QaCdI\/AAAAAAABFmA\/cygnz5C_fdgrKfX2xP2_jpHSAnMwQU8FQCLcBGAsYHQ\/s1600\/2483_70.jpg\"><\/a><br><a href=\"https:\/\/1.bp.blogspot.com\/-AZGNuSx2oZQ\/Xc6x02DH19I\/AAAAAAABFlw\/QYIjMgzYbUMnClsga9JcWZLbvkNh_FV0QCLcBGAsYHQ\/s1600\/2483_112.jpg\"><\/a><\/p>\n","protected":false},"excerpt":{"rendered":"<p>A AMCAP (Associa\u00e7\u00e3o do Munic\u00edpios do Cariri Paraibano)reuniu Prefeitos , vice-Prefeitos e Vereadores na cidade de Gurj\u00e3o nesta quinta (14), onde na pauta da reuni\u00e3o&hellip; <\/p>\n","protected":false},"author":1,"featured_media":135772,"comment_status":"closed","ping_status":"closed","sticky":false,"template":"","format":"standard","meta":{"sfsi_plus_gutenberg_text_before_share":"","sfsi_plus_gutenberg_show_text_before_share":"","sfsi_plus_gutenberg_icon_type":"","sfsi_plus_gutenberg_icon_alignemt":"","sfsi_plus_gutenburg_max_per_row":"","footnotes":""},"categories":[2],"tags":[],"class_list":["post-135770","post","type-post","status-publish","format-standard","has-post-thumbnail","hentry","category-geral"],"_links":{"self":[{"href":"https:\/\/www.caririemacao.com\/1\/wp-json\/wp\/v2\/posts\/135770","targetHints":{"allow":["GET"]}}],"collection":[{"href":"https:\/\/www.caririemacao.com\/1\/wp-json\/wp\/v2\/posts"}],"about":[{"href":"https:\/\/www.caririemacao.com\/1\/wp-json\/wp\/v2\/types\/post"}],"author":[{"embeddable":true,"href":"https:\/\/www.caririemacao.com\/1\/wp-json\/wp\/v2\/users\/1"}],"replies":[{"embeddable":true,"href":"https:\/\/www.caririemacao.com\/1\/wp-json\/wp\/v2\/comments?post=135770"}],"version-history":[{"count":1,"href":"https:\/\/www.caririemacao.com\/1\/wp-json\/wp\/v2\/posts\/135770\/revisions"}],"predecessor-version":[{"id":135773,"href":"https:\/\/www.caririemacao.com\/1\/wp-json\/wp\/v2\/posts\/135770\/revisions\/135773"}],"wp:featuredmedia":[{"embeddable":true,"href":"https:\/\/www.caririemacao.com\/1\/wp-json\/wp\/v2\/media\/135772"}],"wp:attachment":[{"href":"https:\/\/www.caririemacao.com\/1\/wp-json\/wp\/v2\/media?parent=135770"}],"wp:term":[{"taxonomy":"category","embeddable":true,"href":"https:\/\/www.caririemacao.com\/1\/wp-json\/wp\/v2\/categories?post=135770"},{"taxonomy":"post_tag","embeddable":true,"href":"https:\/\/www.caririemacao.com\/1\/wp-json\/wp\/v2\/tags?post=135770"}],"curies":[{"name":"wp","href":"https:\/\/api.w.org\/{rel}","templated":true}]}}