{"id":135794,"date":"2019-11-15T12:47:30","date_gmt":"2019-11-15T15:47:30","guid":{"rendered":"http:\/\/www.caririemacao.com\/1\/?p=135794"},"modified":"2019-11-15T12:47:30","modified_gmt":"2019-11-15T15:47:30","slug":"vereador-flavio-paulino-apresenta-requerimento-solicitando-limpeza-de-passagem-molhada-na-zona-rural-de-sume","status":"publish","type":"post","link":"https:\/\/www.caririemacao.com\/1\/2019\/11\/15\/vereador-flavio-paulino-apresenta-requerimento-solicitando-limpeza-de-passagem-molhada-na-zona-rural-de-sume\/","title":{"rendered":"Vereador Fl\u00e1vio Paulino apresenta requerimento solicitando limpeza de Passagem Molhada na zona rural de Sum\u00e9"},"content":{"rendered":"\n<div class=\"wp-block-image\"><figure class=\"aligncenter\"><a href=\"http:\/\/noticiasemdestaque.com\/cd\/wp-content\/uploads\/2019\/11\/DSC_0142.jpg\"><img decoding=\"async\" data-src=\"http:\/\/noticiasemdestaque.com\/cd\/wp-content\/uploads\/2019\/11\/DSC_0142-1024x831.jpg\" alt=\"\" class=\"wp-image-20612 lazyload\" src=\"data:image\/svg+xml;base64,PHN2ZyB3aWR0aD0iMSIgaGVpZ2h0PSIxIiB4bWxucz0iaHR0cDovL3d3dy53My5vcmcvMjAwMC9zdmciPjwvc3ZnPg==\" style=\"--smush-placeholder-width: 1024px; --smush-placeholder-aspect-ratio: 1024\/831;\" \/><\/a><\/figure><\/div>\n\n\n\n<p>Na noite da \u00faltima quarta-feira (13), a C\u00e2mara de Vereadores de Sum\u00e9 esteve reunida, na ocasi\u00e3o foram aprovados projetos e requerimentos.<\/p>\n\n\n\n<p>Foi aprovado o requerimento do vereador Fl\u00e1vio Paulino que solicita ao prefeito \u00c9den Duarte a limpeza na passagem molhada no Riacho dos Galegos (Comunidade de Terra Vermelha) e no Riacho das Abertas (Viton).<\/p>\n\n\n\n<p><strong><em>Not\u00edcias em Destaque<\/em><\/strong><\/p>\n","protected":false},"excerpt":{"rendered":"<p>Na noite da \u00faltima quarta-feira (13), a C\u00e2mara de Vereadores de Sum\u00e9 esteve reunida, na ocasi\u00e3o foram aprovados projetos e requerimentos. Foi aprovado o requerimento&hellip; <\/p>\n","protected":false},"author":1,"featured_media":135796,"comment_status":"closed","ping_status":"closed","sticky":false,"template":"","format":"standard","meta":{"sfsi_plus_gutenberg_text_before_share":"","sfsi_plus_gutenberg_show_text_before_share":"","sfsi_plus_gutenberg_icon_type":"","sfsi_plus_gutenberg_icon_alignemt":"","sfsi_plus_gutenburg_max_per_row":"","footnotes":""},"categories":[6],"tags":[],"class_list":["post-135794","post","type-post","status-publish","format-standard","has-post-thumbnail","hentry","category-cidades"],"_links":{"self":[{"href":"https:\/\/www.caririemacao.com\/1\/wp-json\/wp\/v2\/posts\/135794","targetHints":{"allow":["GET"]}}],"collection":[{"href":"https:\/\/www.caririemacao.com\/1\/wp-json\/wp\/v2\/posts"}],"about":[{"href":"https:\/\/www.caririemacao.com\/1\/wp-json\/wp\/v2\/types\/post"}],"author":[{"embeddable":true,"href":"https:\/\/www.caririemacao.com\/1\/wp-json\/wp\/v2\/users\/1"}],"replies":[{"embeddable":true,"href":"https:\/\/www.caririemacao.com\/1\/wp-json\/wp\/v2\/comments?post=135794"}],"version-history":[{"count":1,"href":"https:\/\/www.caririemacao.com\/1\/wp-json\/wp\/v2\/posts\/135794\/revisions"}],"predecessor-version":[{"id":135797,"href":"https:\/\/www.caririemacao.com\/1\/wp-json\/wp\/v2\/posts\/135794\/revisions\/135797"}],"wp:featuredmedia":[{"embeddable":true,"href":"https:\/\/www.caririemacao.com\/1\/wp-json\/wp\/v2\/media\/135796"}],"wp:attachment":[{"href":"https:\/\/www.caririemacao.com\/1\/wp-json\/wp\/v2\/media?parent=135794"}],"wp:term":[{"taxonomy":"category","embeddable":true,"href":"https:\/\/www.caririemacao.com\/1\/wp-json\/wp\/v2\/categories?post=135794"},{"taxonomy":"post_tag","embeddable":true,"href":"https:\/\/www.caririemacao.com\/1\/wp-json\/wp\/v2\/tags?post=135794"}],"curies":[{"name":"wp","href":"https:\/\/api.w.org\/{rel}","templated":true}]}}