{"id":135814,"date":"2019-11-15T15:12:16","date_gmt":"2019-11-15T18:12:16","guid":{"rendered":"http:\/\/www.caririemacao.com\/1\/?p=135814"},"modified":"2019-11-15T15:12:16","modified_gmt":"2019-11-15T18:12:16","slug":"sarampo-segunda-etapa-da-campanha-de-vacinacao-comeca-segunda-feira","status":"publish","type":"post","link":"https:\/\/www.caririemacao.com\/1\/2019\/11\/15\/sarampo-segunda-etapa-da-campanha-de-vacinacao-comeca-segunda-feira\/","title":{"rendered":"Sarampo: Segunda etapa da campanha de vacina\u00e7\u00e3o come\u00e7a segunda-feira"},"content":{"rendered":"\n<p>Na pr\u00f3xima segunda-feira (18), ter\u00e1 in\u00edcio a segunda etapa da Campanha de Vacina\u00e7\u00e3o contra o Sarampo, que segue at\u00e9 o dia 30, quando acontecer\u00e1 o Dia D. Ser\u00e3o vacinadas as pessoas com idade entre 20 e 29 anos. Este tema esteve em pauta na reuni\u00e3o do Grupo T\u00e9cnico de Vigil\u00e2ncia das Coberturas vacinais, nesta quinta-feira (14) pela manh\u00e3, na sede da&nbsp; Secretaria de Estado da Sa\u00fade (SES).&nbsp;<\/p>\n\n\n\n<p>O Grupo \u00e9 formado por representa\u00e7\u00f5es da Comiss\u00e3o Intergestores Regionais &#8211; CIR; coordenadores regionais de imuniza\u00e7\u00e3o; t\u00e9cnicos da Vigil\u00e2ncia em Sa\u00fade; Aten\u00e7\u00e3o B\u00e1sica e representantes do Conselho de Secretarias Municipais de Sa\u00fade &#8211; Cosems.<\/p>\n\n\n\n<p>Al\u00e9m de debater a Campanha de Vacina\u00e7\u00e3o, o Grupo avaliou, comparativamente, a cobertura vacinal dos anos 2017\/2018\/2019, em todo estado, por regi\u00f5es, bem como fez uma avalia\u00e7\u00e3o da condu\u00e7\u00e3o do processo de trabalho do grupo por dentro das CIR e houve um momento para discutir a Portaria de n\u00ba 2722, de 15 de outubro de 2019, que estabelece incentivo financeiro para implementa\u00e7\u00e3o e fortalecimento das a\u00e7\u00f5es de amplia\u00e7\u00e3o da cobertura vacinal da Tr\u00edplice Viral e de preven\u00e7\u00e3o, controle do surto e interrup\u00e7\u00e3o da cadeia de transmiss\u00e3o do sarampo e outros agravos imunopreven\u00edveis (aqueles que podem ser evitadas de forma eficaz atrav\u00e9s de vacinas), no \u00e2mbito da Vigil\u00e2ncia em Sa\u00fade e Aten\u00e7\u00e3o Prim\u00e1ria \u00e0 Sa\u00fade.<\/p>\n\n\n\n<p>De acordo com a Portaria, o Minist\u00e9rio da Sa\u00fade est\u00e1 enviando recursos, diretamente, para os munic\u00edpios. O valor \u00e9 definido pela quantidade de habitantes do local (IBGE 2016). Para cada habitante o valor definido \u00e9 de um real.<\/p>\n\n\n\n<p>O Grupo foi formado em 2017 e se re\u00fane a cada tr\u00eas meses. O objetivo \u00e9 discutir temas ligados \u00e0 vacina\u00e7\u00e3o. &#8220;Em pouco tempo de forma\u00e7\u00e3o, temos feito grandes debates e, a partir disso, t\u00eam surgido bons resultados, a exemplo da cobertura vacinal em todo estado, com destaque para o ano de 2018&#8221;, disse a chefe do N\u00facleo de Imuniza\u00e7\u00e3o da SES, Isiane Queiroga.<\/p>\n\n\n\n<p>&#8220;\u00c9 importante frisar que, para que os frutos do grupo aconte\u00e7am, precisamos que as dicuss\u00f5es em CIR fortale\u00e7am o processo de trabalho da vigil\u00e2ncia das coberturas vacinais em cada territ\u00f3rio&#8221;, concluiu.<\/p>\n","protected":false},"excerpt":{"rendered":"<p>Na pr\u00f3xima segunda-feira (18), ter\u00e1 in\u00edcio a segunda etapa da Campanha de Vacina\u00e7\u00e3o contra o Sarampo, que segue at\u00e9 o dia 30, quando acontecer\u00e1 o&hellip; <\/p>\n","protected":false},"author":1,"featured_media":57900,"comment_status":"closed","ping_status":"closed","sticky":false,"template":"","format":"standard","meta":{"sfsi_plus_gutenberg_text_before_share":"","sfsi_plus_gutenberg_show_text_before_share":"","sfsi_plus_gutenberg_icon_type":"","sfsi_plus_gutenberg_icon_alignemt":"","sfsi_plus_gutenburg_max_per_row":"","footnotes":""},"categories":[16],"tags":[],"class_list":["post-135814","post","type-post","status-publish","format-standard","has-post-thumbnail","hentry","category-saude"],"_links":{"self":[{"href":"https:\/\/www.caririemacao.com\/1\/wp-json\/wp\/v2\/posts\/135814","targetHints":{"allow":["GET"]}}],"collection":[{"href":"https:\/\/www.caririemacao.com\/1\/wp-json\/wp\/v2\/posts"}],"about":[{"href":"https:\/\/www.caririemacao.com\/1\/wp-json\/wp\/v2\/types\/post"}],"author":[{"embeddable":true,"href":"https:\/\/www.caririemacao.com\/1\/wp-json\/wp\/v2\/users\/1"}],"replies":[{"embeddable":true,"href":"https:\/\/www.caririemacao.com\/1\/wp-json\/wp\/v2\/comments?post=135814"}],"version-history":[{"count":1,"href":"https:\/\/www.caririemacao.com\/1\/wp-json\/wp\/v2\/posts\/135814\/revisions"}],"predecessor-version":[{"id":135816,"href":"https:\/\/www.caririemacao.com\/1\/wp-json\/wp\/v2\/posts\/135814\/revisions\/135816"}],"wp:featuredmedia":[{"embeddable":true,"href":"https:\/\/www.caririemacao.com\/1\/wp-json\/wp\/v2\/media\/57900"}],"wp:attachment":[{"href":"https:\/\/www.caririemacao.com\/1\/wp-json\/wp\/v2\/media?parent=135814"}],"wp:term":[{"taxonomy":"category","embeddable":true,"href":"https:\/\/www.caririemacao.com\/1\/wp-json\/wp\/v2\/categories?post=135814"},{"taxonomy":"post_tag","embeddable":true,"href":"https:\/\/www.caririemacao.com\/1\/wp-json\/wp\/v2\/tags?post=135814"}],"curies":[{"name":"wp","href":"https:\/\/api.w.org\/{rel}","templated":true}]}}