{"id":135858,"date":"2019-11-16T08:29:27","date_gmt":"2019-11-16T11:29:27","guid":{"rendered":"http:\/\/www.caririemacao.com\/1\/?p=135858"},"modified":"2019-11-16T08:29:27","modified_gmt":"2019-11-16T11:29:27","slug":"dois-sao-pegos-pela-policia-em-santa-rita-por-suspeita-de-homicidio","status":"publish","type":"post","link":"https:\/\/www.caririemacao.com\/1\/2019\/11\/16\/dois-sao-pegos-pela-policia-em-santa-rita-por-suspeita-de-homicidio\/","title":{"rendered":"Dois s\u00e3o pegos pela pol\u00edcia em Santa Rita por suspeita de homic\u00eddio"},"content":{"rendered":"\n<p>Um homem foi preso e um adolescente apreendido por suspeita de homic\u00eddio em Santa Rita, na noite desta sexta-feira (15). Com eles foi apreendido um rev\u00f3lver calibre .38 com a numera\u00e7\u00e3o raspada, uma muni\u00e7\u00e3o pinada e um celular.<br><\/p>\n\n\n\n<p>De acordo com as informa\u00e7\u00f5es da pol\u00edcia militar, por volta das 21h20, a guarni\u00e7\u00e3o do 7\u00ba batalh\u00e3o ouviu disparos nas proximidades do bar do Bode, em Tibiri, e de pronto se encaminhou ao local. L\u00e1, populares indicaram que havia ocorrido um homic\u00eddio e que os suspeitos tinham fugido em dire\u00e7\u00e3o ao cemit\u00e9rio de Tibiri.<\/p>\n\n\n\n<p>Ap\u00f3s localizar os suspeitos, que tentaram fugir pulando muros, os policiais conseguiram peg\u00e1-los, assim como a arma e muni\u00e7\u00e3o que estavam com eles. Todos foram encaminhados a 6\u00aa Delegacia Distrital.&nbsp;<\/p>\n\n\n\n<p>At\u00e9 a publica\u00e7\u00e3o desta mat\u00e9ria, n\u00e3o havia informa\u00e7\u00e3o sobre a v\u00edtima do homic\u00eddio.<\/p>\n","protected":false},"excerpt":{"rendered":"<p>Um homem foi preso e um adolescente apreendido por suspeita de homic\u00eddio em Santa Rita, na noite desta sexta-feira (15). Com eles foi apreendido um&hellip; <\/p>\n","protected":false},"author":1,"featured_media":135860,"comment_status":"closed","ping_status":"closed","sticky":false,"template":"","format":"standard","meta":{"sfsi_plus_gutenberg_text_before_share":"","sfsi_plus_gutenberg_show_text_before_share":"","sfsi_plus_gutenberg_icon_type":"","sfsi_plus_gutenberg_icon_alignemt":"","sfsi_plus_gutenburg_max_per_row":"","footnotes":""},"categories":[12],"tags":[],"class_list":["post-135858","post","type-post","status-publish","format-standard","has-post-thumbnail","hentry","category-policia"],"_links":{"self":[{"href":"https:\/\/www.caririemacao.com\/1\/wp-json\/wp\/v2\/posts\/135858","targetHints":{"allow":["GET"]}}],"collection":[{"href":"https:\/\/www.caririemacao.com\/1\/wp-json\/wp\/v2\/posts"}],"about":[{"href":"https:\/\/www.caririemacao.com\/1\/wp-json\/wp\/v2\/types\/post"}],"author":[{"embeddable":true,"href":"https:\/\/www.caririemacao.com\/1\/wp-json\/wp\/v2\/users\/1"}],"replies":[{"embeddable":true,"href":"https:\/\/www.caririemacao.com\/1\/wp-json\/wp\/v2\/comments?post=135858"}],"version-history":[{"count":1,"href":"https:\/\/www.caririemacao.com\/1\/wp-json\/wp\/v2\/posts\/135858\/revisions"}],"predecessor-version":[{"id":135861,"href":"https:\/\/www.caririemacao.com\/1\/wp-json\/wp\/v2\/posts\/135858\/revisions\/135861"}],"wp:featuredmedia":[{"embeddable":true,"href":"https:\/\/www.caririemacao.com\/1\/wp-json\/wp\/v2\/media\/135860"}],"wp:attachment":[{"href":"https:\/\/www.caririemacao.com\/1\/wp-json\/wp\/v2\/media?parent=135858"}],"wp:term":[{"taxonomy":"category","embeddable":true,"href":"https:\/\/www.caririemacao.com\/1\/wp-json\/wp\/v2\/categories?post=135858"},{"taxonomy":"post_tag","embeddable":true,"href":"https:\/\/www.caririemacao.com\/1\/wp-json\/wp\/v2\/tags?post=135858"}],"curies":[{"name":"wp","href":"https:\/\/api.w.org\/{rel}","templated":true}]}}