{"id":135893,"date":"2019-11-16T08:37:58","date_gmt":"2019-11-16T11:37:58","guid":{"rendered":"http:\/\/www.caririemacao.com\/1\/?p=135893"},"modified":"2019-11-16T08:37:58","modified_gmt":"2019-11-16T11:37:58","slug":"fique-de-olho-comeca-nova-fase-da-campanha-de-vacinacao-contra-o-sarampo","status":"publish","type":"post","link":"https:\/\/www.caririemacao.com\/1\/2019\/11\/16\/fique-de-olho-comeca-nova-fase-da-campanha-de-vacinacao-contra-o-sarampo\/","title":{"rendered":"Fique de olho: come\u00e7a nova fase da campanha de vacina\u00e7\u00e3o contra o sarampo"},"content":{"rendered":"\n<p>&nbsp;Come\u00e7a nesta segunda-feira (18) a segunda fase da campanha de vacina\u00e7\u00e3o contra o sarampo, desta vez com foco na faixa et\u00e1ria de 20 a 29 anos. O objetivo \u00e9 de que essa popula\u00e7\u00e3o tome duas doses da vacina tr\u00edplice viral (caxumba, rub\u00e9ola e sarampo) com intervalo m\u00ednimo de 30 dias.<\/p>\n\n\n\n<p>Para se imunizar, basta ir a uma das UBS (Unidades B\u00e1sicas de Sa\u00fade) do munic\u00edpio com a caderneta de vacina\u00e7\u00e3o.<\/p>\n\n\n\n<p>Se n\u00e3o houver&nbsp;comprova\u00e7\u00e3o vacinal, a pessoa receber\u00e1 a primeira dose da vacina durante a campanha e a segunda ser\u00e1 agendada.<\/p>\n\n\n\n<p>Quem&nbsp;tiver recebido apenas uma&nbsp;dose&nbsp;receber\u00e1 a segunda durante a a\u00e7\u00e3o.<\/p>\n\n\n\n<p>O&nbsp;Dia&nbsp;D&nbsp;ser\u00e1 no \u00faltimo s\u00e1bado&nbsp;de novembro (30), quando postos de sa\u00fade e postos volantes estar\u00e3o&nbsp;abertos para vacina\u00e7\u00e3o.<\/p>\n\n\n\n<p>Na primeira fase da campanha&nbsp;foram vacinadas 400 mil crian\u00e7as na faixa de 6&nbsp;meses a 4 anos, 11 meses e 29 dias.<\/p>\n\n\n\n<p>Segundo o Minist\u00e9rio da Sa\u00fade,&nbsp;outras tr\u00eas etapas da campanha de vacina\u00e7\u00e3o contra o sarampo&nbsp;ocorrer\u00e3o em 2020. A meta \u00e9 vacinar 2,6 milh\u00f5es crian\u00e7as na faixa priorit\u00e1ria e 13,6 milh\u00f5es de adultos.<\/p>\n\n\n\n<p>No pr\u00f3ximo ano (ainda sem data definida), ser\u00e3o contempladas pessoas&nbsp;de 5 a 19 anos, de 30 a 49 anos e de 50 a 59 anos.<\/p>\n\n\n\n<p>O objetivo \u00e9 interromper a circula\u00e7\u00e3o do v\u00edrus e garantir altas coberturas para que a prote\u00e7\u00e3o seja estendida \u00e0 rub\u00e9ola, impedindo o surgimento de casos da doen\u00e7a.<\/p>\n\n\n\n<figure class=\"wp-block-image\"><img decoding=\"async\" data-src=\"https:\/\/paraibaonline.com.br\/wp-content\/uploads\/2019\/01\/vacina-sarampo1001B-567x378.jpg\" alt=\"Marcelo Camargo\/Ag\u00eancia Brasil\" class=\"wp-image-557930 lazyload\" src=\"data:image\/svg+xml;base64,PHN2ZyB3aWR0aD0iMSIgaGVpZ2h0PSIxIiB4bWxucz0iaHR0cDovL3d3dy53My5vcmcvMjAwMC9zdmciPjwvc3ZnPg==\" style=\"--smush-placeholder-width: 567px; --smush-placeholder-aspect-ratio: 567\/378;\" \/><\/figure>\n\n\n\n<p>Foto: Marcelo Camargo\/Ag\u00eancia Brasil<\/p>\n\n\n\n<p>\u00c9 recomend\u00e1vel&nbsp;que a popula\u00e7\u00e3o de 1&nbsp;ano a 29 anos de idade tenha&nbsp;duas doses comprovadas da imuniza\u00e7\u00e3o. Entre 30 e&nbsp;59 anos \u00e9 preciso ter recebido pelo menos uma dose (o Minist\u00e9rio da Sa\u00fade faz essa mesma recomenda\u00e7\u00e3o para pessoas de at\u00e9 49 anos).<\/p>\n\n\n\n<p>O calend\u00e1rio nacional de vacina\u00e7\u00e3o prev\u00ea a aplica\u00e7\u00e3o da tr\u00edplice aos 12 meses e aos 15 meses, quando o refor\u00e7o \u00e9 com a tetraviral, que protege tamb\u00e9m contra varicela. Neste ano, os beb\u00eas com menos de 12 meses tamb\u00e9m devem receber a chamada \u201cdose zero\u201d, que n\u00e3o \u00e9 contabilizada no calend\u00e1rio.<\/p>\n\n\n\n<p>A vacina \u00e9 contraindicada para beb\u00eas menores de seis meses. Para proteger as crian\u00e7as dessa idade, os pais devem evitar que elas frequentem aglomera\u00e7\u00f5es e manter higieniza\u00e7\u00e3o e ventila\u00e7\u00e3o adequadas.<\/p>\n\n\n\n<p>Funcion\u00e1rios das salas de vacina\u00e7\u00e3o dever\u00e3o fazer a triagem de crian\u00e7as que tenham alergia \u00e0 prote\u00edna lactoalbumina (presente no leite de vaca), para que recebam a dose feita sem o componente.<\/p>\n\n\n\n<p>Quem j\u00e1 teve rea\u00e7\u00e3o anafil\u00e1tica (alergia grave) a doses anteriores n\u00e3o deve ser vacinado nem em a\u00e7\u00f5es de bloqueio. O ideal nesses casos \u00e9 consultar o m\u00e9dico.<\/p>\n\n\n\n<p>Diante de qualquer sintoma de sarampo -manchas vermelhas pelo corpo, febre, coriza, conjuntivite, manchas brancas na mucosa bucal- \u00e9 necess\u00e1rio procurar um servi\u00e7o de sa\u00fade.<\/p>\n\n\n\n<p>At\u00e9 o dia 13 de novembro, o&nbsp;estado de S\u00e3o Paulo confirmou 11.574 casos de sarampo. Destes, 6.510&nbsp;(56,24%) foram registrados na capital paulista. No total, 14 pessoas morreram em decorr\u00eancia da doen\u00e7a em SP.<\/p>\n","protected":false},"excerpt":{"rendered":"<p>&nbsp;Come\u00e7a nesta segunda-feira (18) a segunda fase da campanha de vacina\u00e7\u00e3o contra o sarampo, desta vez com foco na faixa et\u00e1ria de 20 a 29&hellip; <\/p>\n","protected":false},"author":1,"featured_media":118162,"comment_status":"closed","ping_status":"closed","sticky":false,"template":"","format":"standard","meta":{"sfsi_plus_gutenberg_text_before_share":"","sfsi_plus_gutenberg_show_text_before_share":"","sfsi_plus_gutenberg_icon_type":"","sfsi_plus_gutenberg_icon_alignemt":"","sfsi_plus_gutenburg_max_per_row":"","footnotes":""},"categories":[16],"tags":[],"class_list":["post-135893","post","type-post","status-publish","format-standard","has-post-thumbnail","hentry","category-saude"],"_links":{"self":[{"href":"https:\/\/www.caririemacao.com\/1\/wp-json\/wp\/v2\/posts\/135893","targetHints":{"allow":["GET"]}}],"collection":[{"href":"https:\/\/www.caririemacao.com\/1\/wp-json\/wp\/v2\/posts"}],"about":[{"href":"https:\/\/www.caririemacao.com\/1\/wp-json\/wp\/v2\/types\/post"}],"author":[{"embeddable":true,"href":"https:\/\/www.caririemacao.com\/1\/wp-json\/wp\/v2\/users\/1"}],"replies":[{"embeddable":true,"href":"https:\/\/www.caririemacao.com\/1\/wp-json\/wp\/v2\/comments?post=135893"}],"version-history":[{"count":1,"href":"https:\/\/www.caririemacao.com\/1\/wp-json\/wp\/v2\/posts\/135893\/revisions"}],"predecessor-version":[{"id":135895,"href":"https:\/\/www.caririemacao.com\/1\/wp-json\/wp\/v2\/posts\/135893\/revisions\/135895"}],"wp:featuredmedia":[{"embeddable":true,"href":"https:\/\/www.caririemacao.com\/1\/wp-json\/wp\/v2\/media\/118162"}],"wp:attachment":[{"href":"https:\/\/www.caririemacao.com\/1\/wp-json\/wp\/v2\/media?parent=135893"}],"wp:term":[{"taxonomy":"category","embeddable":true,"href":"https:\/\/www.caririemacao.com\/1\/wp-json\/wp\/v2\/categories?post=135893"},{"taxonomy":"post_tag","embeddable":true,"href":"https:\/\/www.caririemacao.com\/1\/wp-json\/wp\/v2\/tags?post=135893"}],"curies":[{"name":"wp","href":"https:\/\/api.w.org\/{rel}","templated":true}]}}