{"id":135901,"date":"2019-11-16T08:39:30","date_gmt":"2019-11-16T11:39:30","guid":{"rendered":"http:\/\/www.caririemacao.com\/1\/?p=135901"},"modified":"2019-11-16T08:39:30","modified_gmt":"2019-11-16T11:39:30","slug":"confira-a-previsao-do-tempo-para-este-sabado-em-toda-paraiba-18","status":"publish","type":"post","link":"https:\/\/www.caririemacao.com\/1\/2019\/11\/16\/confira-a-previsao-do-tempo-para-este-sabado-em-toda-paraiba-18\/","title":{"rendered":"Confira a previs\u00e3o do tempo para este s\u00e1bado em toda Para\u00edba"},"content":{"rendered":"\n<p>Observa-se condi\u00e7\u00f5es de reduzida nebulosidade sobre todo o estado da Para\u00edba. Assim, n\u00e3o h\u00e1 previs\u00e3o de chuvas no per\u00edodo e as temperaturas permanecem elevadas em todas as regi\u00f5es do Estado.<\/p>\n\n\n\n<figure class=\"wp-block-image\"><img decoding=\"async\" data-src=\"https:\/\/paraibaonline.com.br\/wp-content\/uploads\/2019\/11\/tempo1611-567x332.jpg\" alt=\"\" class=\"wp-image-819434 lazyload\" src=\"data:image\/svg+xml;base64,PHN2ZyB3aWR0aD0iMSIgaGVpZ2h0PSIxIiB4bWxucz0iaHR0cDovL3d3dy53My5vcmcvMjAwMC9zdmciPjwvc3ZnPg==\" style=\"--smush-placeholder-width: 567px; --smush-placeholder-aspect-ratio: 567\/332;\" \/><\/figure>\n","protected":false},"excerpt":{"rendered":"<p>Observa-se condi\u00e7\u00f5es de reduzida nebulosidade sobre todo o estado da Para\u00edba. Assim, n\u00e3o h\u00e1 previs\u00e3o de chuvas no per\u00edodo e as temperaturas permanecem elevadas em&hellip; <\/p>\n","protected":false},"author":1,"featured_media":60945,"comment_status":"closed","ping_status":"closed","sticky":false,"template":"","format":"standard","meta":{"sfsi_plus_gutenberg_text_before_share":"","sfsi_plus_gutenberg_show_text_before_share":"","sfsi_plus_gutenberg_icon_type":"","sfsi_plus_gutenberg_icon_alignemt":"","sfsi_plus_gutenburg_max_per_row":"","footnotes":""},"categories":[6],"tags":[],"class_list":["post-135901","post","type-post","status-publish","format-standard","has-post-thumbnail","hentry","category-cidades"],"_links":{"self":[{"href":"https:\/\/www.caririemacao.com\/1\/wp-json\/wp\/v2\/posts\/135901","targetHints":{"allow":["GET"]}}],"collection":[{"href":"https:\/\/www.caririemacao.com\/1\/wp-json\/wp\/v2\/posts"}],"about":[{"href":"https:\/\/www.caririemacao.com\/1\/wp-json\/wp\/v2\/types\/post"}],"author":[{"embeddable":true,"href":"https:\/\/www.caririemacao.com\/1\/wp-json\/wp\/v2\/users\/1"}],"replies":[{"embeddable":true,"href":"https:\/\/www.caririemacao.com\/1\/wp-json\/wp\/v2\/comments?post=135901"}],"version-history":[{"count":1,"href":"https:\/\/www.caririemacao.com\/1\/wp-json\/wp\/v2\/posts\/135901\/revisions"}],"predecessor-version":[{"id":135902,"href":"https:\/\/www.caririemacao.com\/1\/wp-json\/wp\/v2\/posts\/135901\/revisions\/135902"}],"wp:featuredmedia":[{"embeddable":true,"href":"https:\/\/www.caririemacao.com\/1\/wp-json\/wp\/v2\/media\/60945"}],"wp:attachment":[{"href":"https:\/\/www.caririemacao.com\/1\/wp-json\/wp\/v2\/media?parent=135901"}],"wp:term":[{"taxonomy":"category","embeddable":true,"href":"https:\/\/www.caririemacao.com\/1\/wp-json\/wp\/v2\/categories?post=135901"},{"taxonomy":"post_tag","embeddable":true,"href":"https:\/\/www.caririemacao.com\/1\/wp-json\/wp\/v2\/tags?post=135901"}],"curies":[{"name":"wp","href":"https:\/\/api.w.org\/{rel}","templated":true}]}}