{"id":135919,"date":"2019-11-16T10:42:35","date_gmt":"2019-11-16T13:42:35","guid":{"rendered":"http:\/\/www.caririemacao.com\/1\/?p=135919"},"modified":"2019-11-16T10:42:35","modified_gmt":"2019-11-16T13:42:35","slug":"divulgada-programacao-musical-da-festa-do-padroeiro-de-sao-sebastiao-do-umbuzeiro","status":"publish","type":"post","link":"https:\/\/www.caririemacao.com\/1\/2019\/11\/16\/divulgada-programacao-musical-da-festa-do-padroeiro-de-sao-sebastiao-do-umbuzeiro\/","title":{"rendered":"Divulgada programa\u00e7\u00e3o musical da Festa do Padroeiro de S\u00e3o Sebasti\u00e3o do Umbuzeiro"},"content":{"rendered":"\n<p>Foi divulgada na noite desta sexta-feira (15), a programa\u00e7\u00e3o musical da Festa do Padroeiro S\u00e3o Sebasti\u00e3o, em S\u00e3o Sebasti\u00e3o do Umbuzeiro. A festa come\u00e7a no dia 08 de janeiro de 2020 e vai at\u00e9 o dia 20 de janeiro, sendo considerada a Maior Festa de Padroeiro do Brasil.<br>O Prefeito Adriano Wolff destacou que a Festa de S\u00e3o Sebasti\u00e3o \u00e9 uma das maiores do Pa\u00eds, e promove um encontro entre fam\u00edlias e amigos, al\u00e9m de atrair turistas de toda Para\u00edba, e estados vizinhos, gerando assim, emprego e renda para o munic\u00edpio e seus habitantes.<br>Uma das novidades da Festa \u00e9 a noite religiosa, organizada pela Par\u00f3quia e Comiss\u00e3o Organizadora, que acontecer\u00e1 no dia 13, dentro da programa\u00e7\u00e3o.<br>A noite do dia 19, organizada pela Prefeitura Municipal e dedicada ao funcionalismo p\u00fablico \u00e9 uma das mais esperadas dentro da programa\u00e7\u00e3o, e em 2020 promete ser ainda melhor.<br>Ap\u00f3s o an\u00fancio das atra\u00e7\u00f5es que foram bastante elogiadas pelo grande p\u00fablico presente na Pra\u00e7a dos quiosques, a Prefeitura ainda proporcionou um grande show do Adelson dos Teclados, o Furac\u00e3o do Forr\u00f3<br>A Festa tem a realiza\u00e7\u00e3o da Prefeitura Municipal, Par\u00f3quia de S\u00e3o Sebasti\u00e3o, Comiss\u00e3o Organizadora da Festa e Noiteiros.<br><strong>CONFIRA A PROGRAMA\u00c7\u00c3O:<\/strong><br>Dia 11.<br>&#8211; Laerte Lins<br>Dia 12.<br>&#8211; Harry Estigado &#8211; Henrique Cai\u00e7ara<br>Dia 13.<br>&#8211; Noite Religiosa<br>Dia 14.<br>&#8211; Daysinha ex saia rodada &#8211; Banda Som Livre.Com<br>Dia 15.<br>&#8211; Farra da Galega &#8211; Santinho Braz &amp; Os 3 Do Forr\u00f3<br>Dia 16.<br>&#8211; Henrique Cai\u00e7ara &#8211; Lulinha Vaqueiro.<br>Dia 17.<br>&#8211; Claudenir Fernandes &amp; Eduarda Brasil.<br>Dia 18.<br>&#8211; Encontro de Sanfoneiros &#8211; Ot\u00e1vio Do Acordeon &amp; Trio Surreal.<br>Dia 19.<br>&#8211; Ot\u00e1vio do Acordeon &#8211; Cavaleiros do Forr\u00f3 e Kiko Chicabana. Nos intervalos, Banda Dimeliora.<br>Dia 20.<br>&#8211; Show cat\u00f3lico com Padre Jo\u00e3o Carlos<br><\/p>\n","protected":false},"excerpt":{"rendered":"<p>Foi divulgada na noite desta sexta-feira (15), a programa\u00e7\u00e3o musical da Festa do Padroeiro S\u00e3o Sebasti\u00e3o, em S\u00e3o Sebasti\u00e3o do Umbuzeiro. A festa come\u00e7a no&hellip; <\/p>\n","protected":false},"author":1,"featured_media":25950,"comment_status":"closed","ping_status":"closed","sticky":false,"template":"","format":"standard","meta":{"sfsi_plus_gutenberg_text_before_share":"","sfsi_plus_gutenberg_show_text_before_share":"","sfsi_plus_gutenberg_icon_type":"","sfsi_plus_gutenberg_icon_alignemt":"","sfsi_plus_gutenburg_max_per_row":"","footnotes":""},"categories":[2],"tags":[],"class_list":["post-135919","post","type-post","status-publish","format-standard","has-post-thumbnail","hentry","category-geral"],"_links":{"self":[{"href":"https:\/\/www.caririemacao.com\/1\/wp-json\/wp\/v2\/posts\/135919","targetHints":{"allow":["GET"]}}],"collection":[{"href":"https:\/\/www.caririemacao.com\/1\/wp-json\/wp\/v2\/posts"}],"about":[{"href":"https:\/\/www.caririemacao.com\/1\/wp-json\/wp\/v2\/types\/post"}],"author":[{"embeddable":true,"href":"https:\/\/www.caririemacao.com\/1\/wp-json\/wp\/v2\/users\/1"}],"replies":[{"embeddable":true,"href":"https:\/\/www.caririemacao.com\/1\/wp-json\/wp\/v2\/comments?post=135919"}],"version-history":[{"count":1,"href":"https:\/\/www.caririemacao.com\/1\/wp-json\/wp\/v2\/posts\/135919\/revisions"}],"predecessor-version":[{"id":135921,"href":"https:\/\/www.caririemacao.com\/1\/wp-json\/wp\/v2\/posts\/135919\/revisions\/135921"}],"wp:featuredmedia":[{"embeddable":true,"href":"https:\/\/www.caririemacao.com\/1\/wp-json\/wp\/v2\/media\/25950"}],"wp:attachment":[{"href":"https:\/\/www.caririemacao.com\/1\/wp-json\/wp\/v2\/media?parent=135919"}],"wp:term":[{"taxonomy":"category","embeddable":true,"href":"https:\/\/www.caririemacao.com\/1\/wp-json\/wp\/v2\/categories?post=135919"},{"taxonomy":"post_tag","embeddable":true,"href":"https:\/\/www.caririemacao.com\/1\/wp-json\/wp\/v2\/tags?post=135919"}],"curies":[{"name":"wp","href":"https:\/\/api.w.org\/{rel}","templated":true}]}}