{"id":135928,"date":"2019-11-16T10:45:43","date_gmt":"2019-11-16T13:45:43","guid":{"rendered":"http:\/\/www.caririemacao.com\/1\/?p=135928"},"modified":"2019-11-16T10:45:43","modified_gmt":"2019-11-16T13:45:43","slug":"governador-joao-azevedo-transmite-cargo-para-ligia-feliciano","status":"publish","type":"post","link":"https:\/\/www.caririemacao.com\/1\/2019\/11\/16\/governador-joao-azevedo-transmite-cargo-para-ligia-feliciano\/","title":{"rendered":"Governador Jo\u00e3o Azev\u00eado transmite cargo para L\u00edgia Feliciano"},"content":{"rendered":"\n<p>O governador Jo\u00e3o Azev\u00eado transmitiu, nesta sexta-feira (15), o cargo \u00e0 vice-governadora L\u00edgia Feliciano que ficar\u00e1 \u00e0 frente do Poder Executivo durante o per\u00edodo que o gestor ir\u00e1 cumprir miss\u00e3o na Europa, junto aos demais governadores do Nordeste, em busca de investimentos para \u00e1reas integradoras da Regi\u00e3o, como sustentabilidade, infraestrutura, turismo, sa\u00fade, seguran\u00e7a p\u00fablica, saneamento e energias limpas.<\/p>\n\n\n\n<p>Na ocasi\u00e3o, Jo\u00e3o Azev\u00eado disse que a Para\u00edba ficar\u00e1 em boas m\u00e3os durante a agenda de trabalho na Europa, em busca de investimentos para o estado. \u201cEsta miss\u00e3o est\u00e1 programada h\u00e1 mais de 90 dias e \u00e9 uma a\u00e7\u00e3o importante que faz parte dos objetivos do Cons\u00f3rcio Nordeste. Eu parto com o objetivo muito claro de colaborar com a Regi\u00e3o, levando todo o material de divulga\u00e7\u00e3o do Estado, o que \u00e9 fundamental para que a gente possa atrair investimentos e gerar empregos. Tenho a tranquilidade de que a Para\u00edba vai estar em boas m\u00e3os com a vice-governadora L\u00edgia Feliciano, que tem constru\u00eddo conosco, nesse trabalho incessante, este governo\u201d, pontuou.<\/p>\n\n\n\n<p>Durante o per\u00edodo que ficar\u00e1 no comando do Governo do Estado, L\u00edgia Feliciano far\u00e1 visitas t\u00e9cnicas \u00e0s obras que est\u00e3o em andamento nas \u00e1reas de educa\u00e7\u00e3o e seguran\u00e7a e manter\u00e1 reuni\u00f5es com a equipe da Secretaria Estadual de Sa\u00fade. Ela tamb\u00e9m ir\u00e1 entregar o Batalh\u00e3o Especializado em Monitoramento com Motocicletas, em Campina Grande, e lan\u00e7ar\u00e1 o Plano Estadual de Igualdade Racial, dentro da programa\u00e7\u00e3o do Dia da Consci\u00eancia Negra.<\/p>\n\n\n\n<p>L\u00edgia Feliciano ressaltou o orgulho de assumir interinamente o Governo da Para\u00edba. \u201cO Governo \u00e9 o mesmo e me sinto representando todas as mulheres da Para\u00edba, neste momento, e vamos dar continuidade \u00e0s a\u00e7\u00f5es que a administra\u00e7\u00e3o vem promovendo. Esta \u00e9 uma agenda de continuidade e tenho a alegria de saber que o governador estar\u00e1 na Europa buscando empreendimentos, neg\u00f3cios e investimentos com um s\u00f3 objetivo de melhorar a vida de paraibanos e paraibanas\u201d, destacou.<\/p>\n\n\n\n<p><strong>Miss\u00e3o na Europa \u2013<\/strong>&nbsp;A passagem pela Fran\u00e7a, It\u00e1lia e Alemanha \u00e9 uma das primeiras articula\u00e7\u00f5es internacionais feitas pelo Cons\u00f3rcio Interestadual de Desenvolvimento Sustent\u00e1vel do Nordeste (Cons\u00f3rcio Nordeste). Nos tr\u00eas pa\u00edses, os gestores v\u00e3o apresentar o funcionamento do Cons\u00f3rcio e um mapa de oportunidades do Nordeste, inclusive com a perspectiva de abertura de parcerias p\u00fablico-privadas (PPPs). A comitiva participa de eventos com empres\u00e1rios e tem reuni\u00f5es com setores econ\u00f4micos e governamentais em Paris, em Roma e em Berlim, entre os dias 17 e 22.<\/p>\n\n\n\n<p>Entre os destaques, est\u00e3o previstos encontros com o grupo franc\u00eas Engie, que atua na gera\u00e7\u00e3o de energia, e a norueguesa Golar, empresa de transporte de g\u00e1s natural liquefeito. H\u00e1 ainda a possibilidade de amplia\u00e7\u00e3o de parcerias com entidades financiadoras, a exemplo da Ag\u00eancia Francesa de Desenvolvimento (AFD) e do Fundo Internacional de Desenvolvimento Agr\u00edcola (Fida), que j\u00e1 investem em projetos de sustentabilidade, agricultura e combate \u00e0 pobreza no Nordeste.<\/p>\n\n\n\n<p>Tamb\u00e9m participam da miss\u00e3o internacional, o presidente do Cons\u00f3rcio Nordeste, o governador Rui Costa (Bahia), e os governadores Renan Filho (Alagoas), Camilo Santana (Cear\u00e1), Paulo C\u00e2mara (Pernambuco), Wellington Dias (Piau\u00ed), F\u00e1tima Bezerra (Rio Grande do Norte) e Belivaldo Chagas (Sergipe), assim como o vice-governador Carlos Brand\u00e3o (Maranh\u00e3o).<\/p>\n\n\n\n<p>Com 57,1 milh\u00f5es de habitantes, o Nordeste \u00e9 respons\u00e1vel por 14,3% do PIB do Brasil. A economia da Regi\u00e3o \u00e9 baseada nos setores de com\u00e9rcio e servi\u00e7os, ind\u00fastria e agropecu\u00e1ria. Um dos objetivos da cria\u00e7\u00e3o do Cons\u00f3rcio Nordeste \u00e9 promover o desenvolvimento social e econ\u00f4mico sustent\u00e1vel.<\/p>\n","protected":false},"excerpt":{"rendered":"<p>O governador Jo\u00e3o Azev\u00eado transmitiu, nesta sexta-feira (15), o cargo \u00e0 vice-governadora L\u00edgia Feliciano que ficar\u00e1 \u00e0 frente do Poder Executivo durante o per\u00edodo que&hellip; <\/p>\n","protected":false},"author":1,"featured_media":135930,"comment_status":"closed","ping_status":"closed","sticky":false,"template":"","format":"standard","meta":{"sfsi_plus_gutenberg_text_before_share":"","sfsi_plus_gutenberg_show_text_before_share":"","sfsi_plus_gutenberg_icon_type":"","sfsi_plus_gutenberg_icon_alignemt":"","sfsi_plus_gutenburg_max_per_row":"","footnotes":""},"categories":[11],"tags":[],"class_list":["post-135928","post","type-post","status-publish","format-standard","has-post-thumbnail","hentry","category-politica"],"_links":{"self":[{"href":"https:\/\/www.caririemacao.com\/1\/wp-json\/wp\/v2\/posts\/135928","targetHints":{"allow":["GET"]}}],"collection":[{"href":"https:\/\/www.caririemacao.com\/1\/wp-json\/wp\/v2\/posts"}],"about":[{"href":"https:\/\/www.caririemacao.com\/1\/wp-json\/wp\/v2\/types\/post"}],"author":[{"embeddable":true,"href":"https:\/\/www.caririemacao.com\/1\/wp-json\/wp\/v2\/users\/1"}],"replies":[{"embeddable":true,"href":"https:\/\/www.caririemacao.com\/1\/wp-json\/wp\/v2\/comments?post=135928"}],"version-history":[{"count":1,"href":"https:\/\/www.caririemacao.com\/1\/wp-json\/wp\/v2\/posts\/135928\/revisions"}],"predecessor-version":[{"id":135931,"href":"https:\/\/www.caririemacao.com\/1\/wp-json\/wp\/v2\/posts\/135928\/revisions\/135931"}],"wp:featuredmedia":[{"embeddable":true,"href":"https:\/\/www.caririemacao.com\/1\/wp-json\/wp\/v2\/media\/135930"}],"wp:attachment":[{"href":"https:\/\/www.caririemacao.com\/1\/wp-json\/wp\/v2\/media?parent=135928"}],"wp:term":[{"taxonomy":"category","embeddable":true,"href":"https:\/\/www.caririemacao.com\/1\/wp-json\/wp\/v2\/categories?post=135928"},{"taxonomy":"post_tag","embeddable":true,"href":"https:\/\/www.caririemacao.com\/1\/wp-json\/wp\/v2\/tags?post=135928"}],"curies":[{"name":"wp","href":"https:\/\/api.w.org\/{rel}","templated":true}]}}