{"id":135936,"date":"2019-11-16T10:49:51","date_gmt":"2019-11-16T13:49:51","guid":{"rendered":"http:\/\/www.caririemacao.com\/1\/?p=135936"},"modified":"2019-11-16T10:49:51","modified_gmt":"2019-11-16T13:49:51","slug":"vereadores-turistas-de-santa-rita-serao-tema-de-reportagem-no-fantastico-deste-domingo","status":"publish","type":"post","link":"https:\/\/www.caririemacao.com\/1\/2019\/11\/16\/vereadores-turistas-de-santa-rita-serao-tema-de-reportagem-no-fantastico-deste-domingo\/","title":{"rendered":"Vereadores turistas de Santa Rita ser\u00e3o tema de reportagem no Fant\u00e1stico deste domingo"},"content":{"rendered":"\n<p>O caso dos &#8216;vereadores turistas&#8217; de Santa Rita, regi\u00e3o metropolitana de Jo\u00e3o Pessoa, foi para no Fant\u00e1stico e ser\u00e1 exibido para todo o Brasil em reportagem na edi\u00e7\u00e3o do programa deste domingo (17).<\/p>\n\n\n\n<p>Na madrugada do \u00faltimo dia 5,&nbsp;<a href=\"https:\/\/www.clickpb.com.br\/paraiba\/onze-vereadores-de-santa-rita-sao-presos-aos-desembarcarem-de-falso-congresso-em-gramado-271336.html\">foram presos 11 dos 19 vereadores de Santa Rita<\/a>, al\u00e9m do contador da C\u00e2mara Municipal, quando voltavam de um suposto semin\u00e1rio na cidade de Gramado, no Rio Grande do Sul.&nbsp;<\/p>\n\n\n\n<p>De acordo com investiga\u00e7\u00e3o do Grupo de Atua\u00e7\u00e3o Especial contra o Crime Organizado (Gaeco) e as Delegacias de Repress\u00e3o ao Crime Organizado e Combate a Corrup\u00e7\u00e3o, o evento n\u00e3o ocorreu de verdade e foi criado apenas para justificar a viagem com verba p\u00fablica. O per\u00edodo coincidiu com a realiza\u00e7\u00e3o do Natal Luz, que atrai um grande numero de turistas para Gramado.<\/p>\n\n\n\n<p>Ap\u00f3s passar por&nbsp;<a href=\"https:\/\/www.clickpb.com.br\/paraiba\/vereadores-de-santa-rita-vao-responder-processo-em-liberdade-271488.html\">audi\u00eancia de cust\u00f3dia<\/a>, os vereadores foram soltos e continuam respondendo ao processo em liberdade.&nbsp;<a href=\"https:\/\/www.clickpb.com.br\/politica\/justica-apreende-15-computadores-e-um-notebook-na-camara-de-santa-rita-apos-prisao-de-vereadores-271534.html\">Computadores<\/a>&nbsp;e celulares dos envolvidos foram apreendidos para auxiliar na investiga\u00e7\u00e3o.<\/p>\n\n\n\n<p>Veja&nbsp;<a href=\"https:\/\/www.clickpb.com.br\/paraiba\/quem-sao-os-vereadores-de-santa-rita-presos-nesta-madrugada-maioria-esta-no-primeiro-mandato-271351.html\">quem s\u00e3o os vereadores envolvidos<\/a>.<\/p>\n\n\n\n<p>1 \u2013 Anesio Alves de Miranda Filho&nbsp; &#8211; Presidente da C\u00e2mara<br>2 \u2013 Brunno Inocencio da N\u00f3brega Silva<br>3 \u2013 Carlos Ant\u00f4nio da Silva<br>4 \u2013 Francisco de Medeiros Silva<br>5 \u2013 Dioc\u00e9lio Ribeiro de Sousa<br>6 \u2013 Francisco Morais de Queiroga<br>7 \u2013 Jo\u00e3o Evangelista da Silva<br>8 \u2013 Ivonete Virg\u00ednio de Barros<br>9 \u2013 Marcos Farias de Fran\u00e7a<br>10 \u2013 S\u00e9rgio Roberto do Nascimento<br>11 \u2013 Roseli Diniz da Silva<\/p>\n\n\n\n<figure><iframe data-src=\"https:\/\/www.youtube.com\/embed\/PVkqeLxy6S4\" allowfullscreen=\"\" width=\"560\" height=\"315\" src=\"data:image\/svg+xml;base64,PHN2ZyB3aWR0aD0iMSIgaGVpZ2h0PSIxIiB4bWxucz0iaHR0cDovL3d3dy53My5vcmcvMjAwMC9zdmciPjwvc3ZnPg==\" class=\"lazyload\" data-load-mode=\"1\"><\/iframe><\/figure>\n","protected":false},"excerpt":{"rendered":"<p>O caso dos &#8216;vereadores turistas&#8217; de Santa Rita, regi\u00e3o metropolitana de Jo\u00e3o Pessoa, foi para no Fant\u00e1stico e ser\u00e1 exibido para todo o Brasil em&hellip; <\/p>\n","protected":false},"author":1,"featured_media":135938,"comment_status":"closed","ping_status":"closed","sticky":false,"template":"","format":"standard","meta":{"sfsi_plus_gutenberg_text_before_share":"","sfsi_plus_gutenberg_show_text_before_share":"","sfsi_plus_gutenberg_icon_type":"","sfsi_plus_gutenberg_icon_alignemt":"","sfsi_plus_gutenburg_max_per_row":"","footnotes":""},"categories":[2],"tags":[],"class_list":["post-135936","post","type-post","status-publish","format-standard","has-post-thumbnail","hentry","category-geral"],"_links":{"self":[{"href":"https:\/\/www.caririemacao.com\/1\/wp-json\/wp\/v2\/posts\/135936","targetHints":{"allow":["GET"]}}],"collection":[{"href":"https:\/\/www.caririemacao.com\/1\/wp-json\/wp\/v2\/posts"}],"about":[{"href":"https:\/\/www.caririemacao.com\/1\/wp-json\/wp\/v2\/types\/post"}],"author":[{"embeddable":true,"href":"https:\/\/www.caririemacao.com\/1\/wp-json\/wp\/v2\/users\/1"}],"replies":[{"embeddable":true,"href":"https:\/\/www.caririemacao.com\/1\/wp-json\/wp\/v2\/comments?post=135936"}],"version-history":[{"count":1,"href":"https:\/\/www.caririemacao.com\/1\/wp-json\/wp\/v2\/posts\/135936\/revisions"}],"predecessor-version":[{"id":135939,"href":"https:\/\/www.caririemacao.com\/1\/wp-json\/wp\/v2\/posts\/135936\/revisions\/135939"}],"wp:featuredmedia":[{"embeddable":true,"href":"https:\/\/www.caririemacao.com\/1\/wp-json\/wp\/v2\/media\/135938"}],"wp:attachment":[{"href":"https:\/\/www.caririemacao.com\/1\/wp-json\/wp\/v2\/media?parent=135936"}],"wp:term":[{"taxonomy":"category","embeddable":true,"href":"https:\/\/www.caririemacao.com\/1\/wp-json\/wp\/v2\/categories?post=135936"},{"taxonomy":"post_tag","embeddable":true,"href":"https:\/\/www.caririemacao.com\/1\/wp-json\/wp\/v2\/tags?post=135936"}],"curies":[{"name":"wp","href":"https:\/\/api.w.org\/{rel}","templated":true}]}}