{"id":135944,"date":"2019-11-16T10:54:58","date_gmt":"2019-11-16T13:54:58","guid":{"rendered":"http:\/\/www.caririemacao.com\/1\/?p=135944"},"modified":"2019-11-16T10:55:24","modified_gmt":"2019-11-16T13:55:24","slug":"brasil-termina-mundial-de-atletismo-paralimpico-na-inedita-2a-colocacao-no-quadro-de-medalhas","status":"publish","type":"post","link":"https:\/\/www.caririemacao.com\/1\/2019\/11\/16\/brasil-termina-mundial-de-atletismo-paralimpico-na-inedita-2a-colocacao-no-quadro-de-medalhas\/","title":{"rendered":"Brasil termina Mundial de Atletismo Paral\u00edmpico na in\u00e9dita 2\u00aa coloca\u00e7\u00e3o no quadro de medalhas"},"content":{"rendered":"\n<p>O Brasil fez a melhor campanha da hist\u00f3ria no Mundial de Atletismo Paral\u00edmpico, em Dubai. O pa\u00eds encerrou a competi\u00e7\u00e3o nesta sexta-feira (15) no segundo lugar do quadro-geral de medalhas. Os brasileiros subiram ao p\u00f3dio 39 vezes, com 14 ouros, nove pratas e 16 bronzes.&nbsp;<\/p>\n\n\n\n<p>At\u00e9 ent\u00e3o, a melhor coloca\u00e7\u00e3o do Brasil em Mundiais fora na edi\u00e7\u00e3o de Lyon 2013, quando o time verde-amarelo ficou com a terceira coloca\u00e7\u00e3o. \u201cDo ponto de vista t\u00e9cnico, se tra\u00e7armos um comparativo entre Lyon e Dubai, com os tempos registrados em 2013, n\u00f3s ter\u00edamos conquistado aqui quatro ouros, uma prata e nenhum bronze. Isso significa que essa, sem nenhuma d\u00favida, \u00e9 a melhor participa\u00e7\u00e3o do Brasil na hist\u00f3ria em Mundiais de Atletismo\u201d, afirmou Mizael Conrado, presidente do Comit\u00ea Paral\u00edmpico Brasileiro.&nbsp;<\/p>\n\n\n\n<p>A China foi, mais uma vez, a campe\u00e3, com 25 ouros, 22 pratas e 11 bronzes, de um total de 58. No terceiro posto, atr\u00e1s do Brasil, veio a Gr\u00e3-Bretanha, com 13 ouros, nove pratas e seis bronzes.&nbsp;<\/p>\n\n\n\n<p>&#8220;Estamos extremamente contentes. A performance dos nossos atletas foi fenomenal.<br>Treinamos muito para estar aqui, s\u00f3 temos que agradecer o empenho deles e agora come\u00e7a a expectativa para T\u00f3quio\u201d, comentou Jonas Freire, diretor-t\u00e9cnico adjunto do CPB, e chefe da delega\u00e7\u00e3o brasileira no Mundial de Dubai.<\/p>\n\n\n\n<p>A evolu\u00e7\u00e3o brasileira fica ainda mais cristalina quando comparada aos dos dois Mundiais que antecederam o de Dubai. Em Londres 2017, foram 21 p\u00f3dios, apenas oito ouros. Em Doha, o n\u00famero de medalhas foi superior (35), por\u00e9m o de ouros foi id\u00eantico ao da capital brit\u00e2nica.&nbsp;<\/p>\n\n\n\n<p>Nesta sexta-feira (15) o Brasil conquistou suas duas \u00faltimas medalhas, com o bronze de Adriano de Souza na classe RR3 da petra (para paralisados cerebrais), e o bronze tamb\u00e9m nos 100m da classe T63 (amputados de perna), com Vin\u00edcius Rodrigues. Ele ficou distante do ouro por apenas seis cent\u00e9simos. O campe\u00e3o foi o dinamarqu\u00eas Daniel Wagner (12s32), seguido do alem\u00e3o Leon Schaefer (12s34), enquanto que o brasileiro cruzou a linha de chegada em 12s38.<\/p>\n\n\n\n<p>\u201cEstou com muita raiva. Vim para a medalha de ouro, estava me sentindo bem, mas larguei mal, e no fim n\u00e3o cheguei do jeito que gostaria\u201d, comentou o atleta que ainda \u00e9 o detentor do recorde mundial, com 11s95, alcan\u00e7ados no CT Paral\u00edmpico, durante o Open Loterias Caixa, em abril deste ano.&nbsp;<\/p>\n\n\n\n<p>Em Dubai 2019, Brasil alcan\u00e7ou a fa\u00e7anha de conquistar medalha em todas as provas disputadas no campo. Foram seis ouros e cinco bronzes, o que corresponde a 28% dos p\u00f3dios brasileiros em Dubai.<\/p>\n\n\n\n<p>Quatro recordes mundiais foram estabelecidos pelos brasileiros nos Emirados \u00c1rabes Unidos, dos quais tr\u00eas foram registrados em provas de campo. Os paulistas Beth Gomes e Alessandro Rodrigo bateram recordes no lan\u00e7amento de disco das classes F52 (cadeirantes) e F11 (cegos), respectivamente. O paraibano C\u00edcero Valdiran foi recordista no lan\u00e7amento de dardo F57. A nova marca mundial da pista foi estabelecida pelo paraibano Petr\u00facio Ferreira nos 100m T47 (amputados de bra\u00e7o).<\/p>\n\n\n\n<p>Petr\u00facio integrou o p\u00f3dio triplo brasileiro nos 100m T47. O vice-campe\u00e3o foi o carioca Washington J\u00fanior e o bronze foi para o alagoano Yohansson Nascimento.<\/p>\n\n\n\n<p>\u201cO Centro de Treinamento, em S\u00e3o Paulo, j\u00e1 oferece algum impacto para o rendimento do Brasil. Nossos projetos estruturais de desenvolvimento at\u00e9 o alto rendimento, como o Camping Escolar, que \u00e9 o elo entre as Paralimp\u00edadas Escolares e o alto rendimento. Assim, temos muito jovens aqui. Este resultado mostra que vamos fazer hist\u00f3ria no Jap\u00e3o&#8221;, completou Mizael Conrado.&nbsp;<\/p>\n\n\n\n<p>Esta foi a nona edi\u00e7\u00e3o da competi\u00e7\u00e3o e teve como sede o Dubai Club for People of Determination desde a quinta-feira, 7. A Sele\u00e7\u00e3o Brasileira conta com 43 competidores entre os 1.400 inscritos de 120 pa\u00edses no Mundial de Dubai, que se encerra nesta sexta-feira (15).<\/p>\n\n\n\n<p>A delega\u00e7\u00e3o brasileira desembarca no Brasil via Aeroporto Internacional Governador Andr\u00e9 Franco Montoro, em Guarulhos, \u00e0s 17h20 deste s\u00e1bado, no voo EK261 da Emirates, procedente de Dubai.&nbsp;<\/p>\n\n\n\n<p>O pr\u00f3ximo Mundial de Atletismo ser\u00e1 na cidade japonesa de Kobe em 2021.&nbsp;<\/p>\n\n\n\n<p>Confira, abaixo, todos os medalhistas brasileiros no Mundial de Atletismo Dubai 2019:<\/p>\n\n\n\n<p><strong>MEDALHAS&nbsp; &nbsp; &nbsp; &nbsp; &nbsp; &nbsp; &nbsp; &nbsp; &nbsp; &nbsp; &nbsp; &nbsp; &nbsp; &nbsp; &nbsp; &nbsp; &nbsp; &nbsp; &nbsp; &nbsp; &nbsp; &nbsp; &nbsp; &nbsp; &nbsp; &nbsp; &nbsp; &nbsp; &nbsp; &nbsp; &nbsp; &nbsp; &nbsp; &nbsp; &nbsp; &nbsp; &nbsp; &nbsp; &nbsp; &nbsp; &nbsp; &nbsp; &nbsp; &nbsp; &nbsp; &nbsp; &nbsp; &nbsp; &nbsp; &nbsp; &nbsp; &nbsp;<\/strong><br><\/p>\n\n\n\n<p><strong>OURO<\/strong><\/p>\n\n\n\n<p>Rayane Soares \u2013 400m, classe T13<\/p>\n\n\n\n<p>J\u00falio C\u00e9sar Agripino \u2013 1.500m, classe T11<\/p>\n\n\n\n<p>Thiago Paulino \u2013 arremesso de peso, classe F57<\/p>\n\n\n\n<p>Petr\u00facio Ferreira \u2013 400m, classe T47<\/p>\n\n\n\n<p>Thalita Simpl\u00edcio &#8211; 400m, classe T11<\/p>\n\n\n\n<p>Daniel Martins &#8211; 400m, classe T20<\/p>\n\n\n\n<p>Claudiney Batista \u2013 lan\u00e7amento de dardo, classe F56<\/p>\n\n\n\n<p>Jerusa Geber \u2013 100m, classe T11<\/p>\n\n\n\n<p>Petr\u00facio Ferreira \u2013 100m, classe T47<\/p>\n\n\n\n<p>Alessandro Rodrigo \u2013 lan\u00e7amento de disco, classe F11<\/p>\n\n\n\n<p>Jo\u00e3o Victor Teixeira &#8211; lan\u00e7amento de disco, classe F37<\/p>\n\n\n\n<p>Lucas Prado &#8211; 100m, classe T11<\/p>\n\n\n\n<p>Elizabeth Gomes &#8211; lan\u00e7amento de disco, classe F52<\/p>\n\n\n\n<p>C\u00edcero Valdiran &#8211; lan\u00e7amento de dardo, classe F57<\/p>\n\n\n\n<p><strong>PRATA<\/strong><\/p>\n\n\n\n<p>Mateus Evangelista \u2013 salto em dist\u00e2ncia, classe T37<\/p>\n\n\n\n<p>Thomaz Ruan \u2013 400m, classe T47<\/p>\n\n\n\n<p>Daniel Mendes \u2013 400m, classe T11<\/p>\n\n\n\n<p>Rayane Soares \u2013 200m, classe T13<\/p>\n\n\n\n<p>Joeferson Marinho \u2013 100m, classe T12<\/p>\n\n\n\n<p>Washington J\u00fanior \u2013 100m, classe T47<\/p>\n\n\n\n<p>Thalita Simpl\u00edcio &#8211; 200m, classe T11<\/p>\n\n\n\n<p>Vitor de Jesus &#8211; 200m, classe T37<\/p>\n\n\n\n<p>Rodrigo Parreira \u2013 salto em dist\u00e2ncia, classe T36<\/p>\n\n\n\n<p><strong>BRONZE<\/strong><\/p>\n\n\n\n<p>Alessandro Rodrigo \u2013 arremesso de peso, classe F11<\/p>\n\n\n\n<p>Gabriela Mendon\u00e7a \u2013 salto em dist\u00e2ncia, classe T12<\/p>\n\n\n\n<p>Raissa Rocha \u2013 lan\u00e7amento de dardo, classe F56<\/p>\n\n\n\n<p>Jo\u00e3o Victor Teixeira \u2013 arremesso de peso, classe F37<\/p>\n\n\n\n<p>Viviane Ferreira \u2013 100m, classe T12<\/p>\n\n\n\n<p>Felipe Gomes \u2013 400m, classe T11<\/p>\n\n\n\n<p>Izabela Campos \u2013 lan\u00e7amento de disco, classe F11<\/p>\n\n\n\n<p>Lorena Spoladore, 100m, classe T11<\/p>\n\n\n\n<p>Fabricio Ferreira, 100m, classe T12<\/p>\n\n\n\n<p>Yohansson Nascimento \u2013 100m, classe T47<\/p>\n\n\n\n<p>Felipe Gomes&nbsp; &#8211; 100m, classe T11<\/p>\n\n\n\n<p>Lorena Spoladore &#8211; 200m, classe T11<\/p>\n\n\n\n<p>T\u00e1scitha Cruz &#8211; 100m, classe T36<\/p>\n\n\n\n<p>Marivana N\u00f3brega &#8211; arremesso de peso, classe F35<\/p>\n\n\n\n<p>Adriano de Souza \u2013 100m, classe RR3<\/p>\n\n\n\n<p>Vin\u00edcius Rodrigues \u2013 100m, classe T63<\/p>\n","protected":false},"excerpt":{"rendered":"<p>O Brasil fez a melhor campanha da hist\u00f3ria no Mundial de Atletismo Paral\u00edmpico, em Dubai. O pa\u00eds encerrou a competi\u00e7\u00e3o nesta sexta-feira (15) no segundo&hellip; <\/p>\n","protected":false},"author":1,"featured_media":3103,"comment_status":"closed","ping_status":"closed","sticky":false,"template":"","format":"standard","meta":{"sfsi_plus_gutenberg_text_before_share":"","sfsi_plus_gutenberg_show_text_before_share":"","sfsi_plus_gutenberg_icon_type":"","sfsi_plus_gutenberg_icon_alignemt":"","sfsi_plus_gutenburg_max_per_row":"","footnotes":""},"categories":[13],"tags":[],"class_list":["post-135944","post","type-post","status-publish","format-standard","has-post-thumbnail","hentry","category-esportes"],"_links":{"self":[{"href":"https:\/\/www.caririemacao.com\/1\/wp-json\/wp\/v2\/posts\/135944","targetHints":{"allow":["GET"]}}],"collection":[{"href":"https:\/\/www.caririemacao.com\/1\/wp-json\/wp\/v2\/posts"}],"about":[{"href":"https:\/\/www.caririemacao.com\/1\/wp-json\/wp\/v2\/types\/post"}],"author":[{"embeddable":true,"href":"https:\/\/www.caririemacao.com\/1\/wp-json\/wp\/v2\/users\/1"}],"replies":[{"embeddable":true,"href":"https:\/\/www.caririemacao.com\/1\/wp-json\/wp\/v2\/comments?post=135944"}],"version-history":[{"count":1,"href":"https:\/\/www.caririemacao.com\/1\/wp-json\/wp\/v2\/posts\/135944\/revisions"}],"predecessor-version":[{"id":135947,"href":"https:\/\/www.caririemacao.com\/1\/wp-json\/wp\/v2\/posts\/135944\/revisions\/135947"}],"wp:featuredmedia":[{"embeddable":true,"href":"https:\/\/www.caririemacao.com\/1\/wp-json\/wp\/v2\/media\/3103"}],"wp:attachment":[{"href":"https:\/\/www.caririemacao.com\/1\/wp-json\/wp\/v2\/media?parent=135944"}],"wp:term":[{"taxonomy":"category","embeddable":true,"href":"https:\/\/www.caririemacao.com\/1\/wp-json\/wp\/v2\/categories?post=135944"},{"taxonomy":"post_tag","embeddable":true,"href":"https:\/\/www.caririemacao.com\/1\/wp-json\/wp\/v2\/tags?post=135944"}],"curies":[{"name":"wp","href":"https:\/\/api.w.org\/{rel}","templated":true}]}}