{"id":135954,"date":"2019-11-16T10:57:21","date_gmt":"2019-11-16T13:57:21","guid":{"rendered":"http:\/\/www.caririemacao.com\/1\/?p=135954"},"modified":"2019-11-16T10:57:21","modified_gmt":"2019-11-16T13:57:21","slug":"whatsapp-beta-tem-aviso-de-conta-bloqueada-e-mostra-sinais-do-modo-escuro","status":"publish","type":"post","link":"https:\/\/www.caririemacao.com\/1\/2019\/11\/16\/whatsapp-beta-tem-aviso-de-conta-bloqueada-e-mostra-sinais-do-modo-escuro\/","title":{"rendered":"WhatsApp Beta tem aviso de conta bloqueada e mostra sinais do modo escuro"},"content":{"rendered":"\n<p>O WhatsApp come\u00e7ou a dar pistas de que pode liberar o aguardado modo escuro em breve. A vers\u00e3o Beta do mensageiro para Android j\u00e1 exibe, h\u00e1 dias, um papel de parede noturno e uma tonalidade preta na tela de abertura, exibida logo antes das conversas do usu\u00e1rio. A mesma tela inicial em tom escuro surgiu no aplicativo experimental para iPhone (iOS) a partir de quinta-feira (14).<\/p>\n\n\n\n<p>Conforme observa o site especializado WABetaInfo, a atualiza\u00e7\u00e3o tamb\u00e9m esconde novas fun\u00e7\u00f5es que poder\u00e3o chegar em breve para ambas as plataformas. Por enquanto, permanece um mist\u00e9rio a data em que os usu\u00e1rios ter\u00e3o acesso ao modo escuro e a demais novidades que surgiram no Beta.<\/p>\n\n\n\n<p>A \u00faltima vers\u00e3o de testes do app para a plataforma da Apple tamb\u00e9m come\u00e7a a mostrar a nova marca da empresa que controla o mensageiro: ao abrir o app, o usu\u00e1rio passa a ver o r\u00f3tulo &#8220;from Facebook&#8221; (do Facebook) no rodap\u00e9.<\/p>\n\n\n\n<p>Na vers\u00e3o Beta 2.19.332 para Android, h\u00e1 ind\u00edcios de mudan\u00e7as na fun\u00e7\u00e3o de bloquear contatos. Uma delas \u00e9 um registro em texto no hist\u00f3rico da conversa (&#8220;Voc\u00ea bloqueou este usu\u00e1rio&#8221;) que poder\u00e1 permitir desbloquear pelo pr\u00f3prio chat, sem precisar abrir o menu da conversa (&#8220;Toque para desbloquear&#8221;). O app tamb\u00e9m testa um novo agrupamento de contatos bloqueados que separa n\u00fameros de estabelecimentos comerciais em uma categoria \u00e0 parte automaticamente.<\/p>\n\n\n\n<p>No iOS, a principal novidade est\u00e1 no &#8220;C\u00f3digo de registro&#8221;, uma fun\u00e7\u00e3o que d\u00e1 pistas sobre o aguardado suporte do mensageiro a m\u00faltiplos dispositivos ao mesmo tempo. Segundo o WABetaInfo, o mensageiro para iPhone j\u00e1 mostra telas que envolvem o novo sistema de autentica\u00e7\u00e3o: ao fazer login em um novo aparelho, o usu\u00e1rio poder\u00e1 receber um c\u00f3digo de ativa\u00e7\u00e3o em um dispositivo j\u00e1 autorizado para validar a entrada. O m\u00e9todo lembra o tipo de login utilizado pelo rival Telegram.<\/p>\n\n\n\n<p>V\u00e1rias telas noturnas j\u00e1 aparecem no aplicativo quando o modo escuro nativo est\u00e1 ativado no iOS 13 ou nos sistemas Android 9 (Pie) e 10. As fun\u00e7\u00f5es flagradas pelo WABetaInfo, por outro lado, ainda n\u00e3o est\u00e3o ativas at\u00e9 mesmo para quem est\u00e1 cadastrado nos programas de testes da Google Play Store e da App Store.<\/p>\n","protected":false},"excerpt":{"rendered":"<p>O WhatsApp come\u00e7ou a dar pistas de que pode liberar o aguardado modo escuro em breve. A vers\u00e3o Beta do mensageiro para Android j\u00e1 exibe,&hellip; <\/p>\n","protected":false},"author":1,"featured_media":135956,"comment_status":"closed","ping_status":"closed","sticky":false,"template":"","format":"standard","meta":{"sfsi_plus_gutenberg_text_before_share":"","sfsi_plus_gutenberg_show_text_before_share":"","sfsi_plus_gutenberg_icon_type":"","sfsi_plus_gutenberg_icon_alignemt":"","sfsi_plus_gutenburg_max_per_row":"","footnotes":""},"categories":[2],"tags":[],"class_list":["post-135954","post","type-post","status-publish","format-standard","has-post-thumbnail","hentry","category-geral"],"_links":{"self":[{"href":"https:\/\/www.caririemacao.com\/1\/wp-json\/wp\/v2\/posts\/135954","targetHints":{"allow":["GET"]}}],"collection":[{"href":"https:\/\/www.caririemacao.com\/1\/wp-json\/wp\/v2\/posts"}],"about":[{"href":"https:\/\/www.caririemacao.com\/1\/wp-json\/wp\/v2\/types\/post"}],"author":[{"embeddable":true,"href":"https:\/\/www.caririemacao.com\/1\/wp-json\/wp\/v2\/users\/1"}],"replies":[{"embeddable":true,"href":"https:\/\/www.caririemacao.com\/1\/wp-json\/wp\/v2\/comments?post=135954"}],"version-history":[{"count":1,"href":"https:\/\/www.caririemacao.com\/1\/wp-json\/wp\/v2\/posts\/135954\/revisions"}],"predecessor-version":[{"id":135957,"href":"https:\/\/www.caririemacao.com\/1\/wp-json\/wp\/v2\/posts\/135954\/revisions\/135957"}],"wp:featuredmedia":[{"embeddable":true,"href":"https:\/\/www.caririemacao.com\/1\/wp-json\/wp\/v2\/media\/135956"}],"wp:attachment":[{"href":"https:\/\/www.caririemacao.com\/1\/wp-json\/wp\/v2\/media?parent=135954"}],"wp:term":[{"taxonomy":"category","embeddable":true,"href":"https:\/\/www.caririemacao.com\/1\/wp-json\/wp\/v2\/categories?post=135954"},{"taxonomy":"post_tag","embeddable":true,"href":"https:\/\/www.caririemacao.com\/1\/wp-json\/wp\/v2\/tags?post=135954"}],"curies":[{"name":"wp","href":"https:\/\/api.w.org\/{rel}","templated":true}]}}