{"id":135964,"date":"2019-11-16T11:05:04","date_gmt":"2019-11-16T14:05:04","guid":{"rendered":"http:\/\/www.caririemacao.com\/1\/?p=135964"},"modified":"2019-11-16T11:05:04","modified_gmt":"2019-11-16T14:05:04","slug":"780-mil-paraibanos-podem-ter-diabetes-e-nao-sabem","status":"publish","type":"post","link":"https:\/\/www.caririemacao.com\/1\/2019\/11\/16\/780-mil-paraibanos-podem-ter-diabetes-e-nao-sabem\/","title":{"rendered":"780 mil paraibanos podem ter diabetes e n\u00e3o sabem"},"content":{"rendered":"\n<p><br>Estudo do Conselho Federal de Farm\u00e1cia (CFF), em parceira com a Sociedade Brasileira de Diabetes (SBD), aponta que 780 mil paraibanos podem estar com diabetes e n\u00e3o saber.<\/p>\n\n\n\n<p>Na Para\u00edba, 220 mil pessoas foram diagnosticadas com essa doen\u00e7a cr\u00f4nica e multifatorial em que o corpo n\u00e3o produz ou n\u00e3o consegue usar o horm\u00f4nio chamado insulina de forma adequada, de acordo com dados da Secretaria de Estado da Sa\u00fade.<\/p>\n\n\n\n<p>Na \u00faltima quinta-feira (14), Dia Mundial do Diabetes, o m\u00e9dico endocrinologista do Hapvida, em Jo\u00e3o Pessoa, Francilino Leite, destaca que por ser uma doen\u00e7a silenciosa, muitas pessoas demoram a fechar o diagn\u00f3stico.<\/p>\n\n\n\n<p>\u201cQuando a doen\u00e7a \u00e9 diagnosticada, geralmente, tem em torno de 5 a 10 anos de exist\u00eancia no organismo do indiv\u00edduo, por isso \u00e9 intitulada como \u2018doen\u00e7a silenciosa\u2019, mas, mais do que isso, \u00e9 preciso entender que esse longo per\u00edodo causa uma agress\u00e3o do a\u00e7\u00facar nos vasos sangu\u00edneos possibilitando uma complica\u00e7\u00e3o em \u00f3rg\u00e3os alvos como os rins, cora\u00e7\u00e3o e olhos\u201d, explica o especialista.<\/p>\n\n\n\n<p>Os sintomas cl\u00e1ssicos para diagnosticar a diabetes s\u00e3o: muita sede, muita fome e a perda de peso. Ap\u00f3s o diagn\u00f3stico da doen\u00e7a, a orienta\u00e7\u00e3o \u00e9 um controle por meio de dieta com abandono de a\u00e7\u00facar e carboidrato. Para o m\u00e9dico, este \u00faltimo \u00e9 o grande vil\u00e3o.<\/p>\n\n\n\n<figure class=\"wp-block-image\"><img decoding=\"async\" data-src=\"https:\/\/paraibaonline.com.br\/wp-content\/uploads\/2018\/11\/Diabetes--567x378.jpg\" alt=\"Foto: ascom\" class=\"wp-image-526524 lazyload\" src=\"data:image\/svg+xml;base64,PHN2ZyB3aWR0aD0iMSIgaGVpZ2h0PSIxIiB4bWxucz0iaHR0cDovL3d3dy53My5vcmcvMjAwMC9zdmciPjwvc3ZnPg==\" style=\"--smush-placeholder-width: 567px; --smush-placeholder-aspect-ratio: 567\/378;\" \/><\/figure>\n\n\n\n<p>Foto: ascom<\/p>\n\n\n\n<p>\u201cAs pessoas tendem a achar que a diabetes \u00e9 s\u00f3 a\u00e7\u00facar e esquecem que o carboidrato quando chega \u00e0 corrente sangu\u00ednea \u00e9 transformado em a\u00e7\u00facar. Ent\u00e3o, uma dieta equilibrada, orientada por um profissional especializado, com associa\u00e7\u00e3o de atividade f\u00edsica \u00e9 uma das formas de manter a doen\u00e7a sob controle\u201d, esclarece.<\/p>\n\n\n\n<p>O diabetes atinge 14 milh\u00f5es de brasileiros, mas um a cada cinco portadores n\u00e3o sabe se tem diabetes do tipo 1 ou do tipo 2, segundo dados da Organiza\u00e7\u00e3o Mundial da Sa\u00fade. Com base nesses n\u00fameros, o endocrinologista alerta para necessidade do cuidado com a sa\u00fade.<\/p>\n\n\n\n<p>\u201cPessoas que j\u00e1 possuem casos de diabetes na fam\u00edlia devem estar sempre atentas aos cuidados com a sa\u00fade, monitorando, por meio de exames, para o poss\u00edvel surgimento da doen\u00e7a\u201d, alerta.<\/p>\n\n\n\n<p>Tipos de Diabetes \u2013 A Diabetes pode ser classificada em dois tipos. A tipo 1, diagnosticada principalmente em crian\u00e7a e a tipo 2, que \u00e9 adquirida e tem maior ocorr\u00eancia de forma heredit\u00e1ria, ou seja, a doen\u00e7a \u00e9 herdada de pai, m\u00e3e ou algum outro parente de primeiro grau. De acordo com o endocrinologista, essa predisposi\u00e7\u00e3o alcan\u00e7a a marca de 95% de chance para desenvolver a doen\u00e7a.<\/p>\n\n\n\n<p>Na diabetes do tipo 1 o paciente \u00e9 induzido a iniciar automaticamente um quadro de insulina; J\u00e1 no tipo 2 o tratamento inicial \u00e9 com medica\u00e7\u00e3o oral e, dependendo da evolu\u00e7\u00e3o da doen\u00e7a, em alguns casos, \u00e9 preciso inserir o uso da insulina como uma forma de reposi\u00e7\u00e3o hormonal.<\/p>\n","protected":false},"excerpt":{"rendered":"<p>Estudo do Conselho Federal de Farm\u00e1cia (CFF), em parceira com a Sociedade Brasileira de Diabetes (SBD), aponta que 780 mil paraibanos podem estar com diabetes&hellip; <\/p>\n","protected":false},"author":1,"featured_media":34651,"comment_status":"closed","ping_status":"closed","sticky":false,"template":"","format":"standard","meta":{"sfsi_plus_gutenberg_text_before_share":"","sfsi_plus_gutenberg_show_text_before_share":"","sfsi_plus_gutenberg_icon_type":"","sfsi_plus_gutenberg_icon_alignemt":"","sfsi_plus_gutenburg_max_per_row":"","footnotes":""},"categories":[16],"tags":[],"class_list":["post-135964","post","type-post","status-publish","format-standard","has-post-thumbnail","hentry","category-saude"],"_links":{"self":[{"href":"https:\/\/www.caririemacao.com\/1\/wp-json\/wp\/v2\/posts\/135964","targetHints":{"allow":["GET"]}}],"collection":[{"href":"https:\/\/www.caririemacao.com\/1\/wp-json\/wp\/v2\/posts"}],"about":[{"href":"https:\/\/www.caririemacao.com\/1\/wp-json\/wp\/v2\/types\/post"}],"author":[{"embeddable":true,"href":"https:\/\/www.caririemacao.com\/1\/wp-json\/wp\/v2\/users\/1"}],"replies":[{"embeddable":true,"href":"https:\/\/www.caririemacao.com\/1\/wp-json\/wp\/v2\/comments?post=135964"}],"version-history":[{"count":1,"href":"https:\/\/www.caririemacao.com\/1\/wp-json\/wp\/v2\/posts\/135964\/revisions"}],"predecessor-version":[{"id":135966,"href":"https:\/\/www.caririemacao.com\/1\/wp-json\/wp\/v2\/posts\/135964\/revisions\/135966"}],"wp:featuredmedia":[{"embeddable":true,"href":"https:\/\/www.caririemacao.com\/1\/wp-json\/wp\/v2\/media\/34651"}],"wp:attachment":[{"href":"https:\/\/www.caririemacao.com\/1\/wp-json\/wp\/v2\/media?parent=135964"}],"wp:term":[{"taxonomy":"category","embeddable":true,"href":"https:\/\/www.caririemacao.com\/1\/wp-json\/wp\/v2\/categories?post=135964"},{"taxonomy":"post_tag","embeddable":true,"href":"https:\/\/www.caririemacao.com\/1\/wp-json\/wp\/v2\/tags?post=135964"}],"curies":[{"name":"wp","href":"https:\/\/api.w.org\/{rel}","templated":true}]}}