{"id":135971,"date":"2019-11-16T11:09:08","date_gmt":"2019-11-16T14:09:08","guid":{"rendered":"http:\/\/www.caririemacao.com\/1\/?p=135971"},"modified":"2019-11-16T11:09:08","modified_gmt":"2019-11-16T14:09:08","slug":"edvaldo-rosas-quebra-silencio-e-fala-sobre-nova-comissao-estadual-do-psb","status":"publish","type":"post","link":"https:\/\/www.caririemacao.com\/1\/2019\/11\/16\/edvaldo-rosas-quebra-silencio-e-fala-sobre-nova-comissao-estadual-do-psb\/","title":{"rendered":"Edvaldo Rosas \u2018quebra\u2019 sil\u00eancio e fala sobre nova comiss\u00e3o estadual do PSB"},"content":{"rendered":"\n<p>O secret\u00e1rio-chefe do Governo, Edvaldo Rosas, ap\u00f3s um per\u00edodo sem se pronunciar sobre o imbr\u00f3glio pol\u00edtico que envolveu o Partido Socialista Brasileiro (PSB), quebrou o sil\u00eancio e opinou sobre o assunto. Para ele, os desdobramentos pol\u00edticos j\u00e1 eram previs\u00edveis.<\/p>\n\n\n\n<p><\/p>\n\n\n\n<p>\u201cEra previsto, j\u00e1 que houve essa disputa pela dire\u00e7\u00e3o. Uma parte do diret\u00f3rio foi destitu\u00eddo e quem optou pela destitui\u00e7\u00e3o da outra parte, ficou com a responsabilidade de dirigir o partido. Agora, isso \u00e9 muito ruim para a hist\u00f3ria do partido na Para\u00edba\u201d, analisou Rosas.<\/p>\n\n\n\n<p><\/p>\n\n\n\n<p>Ele relembrou de sua trajet\u00f3ria pol\u00edtica, j\u00e1 que foram muitos anos, assumindo a tarefa de \u2018tocar\u2019 o partido, junto a outros companheiros, seja no \u00e2mbito municipal ou estadual da Para\u00edba.<\/p>\n\n\n\n<p><\/p>\n\n\n\n<p>\u2013 Eu desejo sorte aos companheiros que tem essa tarefa de \u2018tocar\u2019 o PSB. E que n\u00f3s vamos em busca de um outro projeto ou partido, que possa contemplar a vis\u00e3o que a gente tem nesse campo popular \u2013 avisou ele.<\/p>\n\n\n\n<p><\/p>\n\n\n\n<p>A composi\u00e7\u00e3o do partido passa a contar com os seguintes nomes: Ricardo Coutinho (presidente), Gerv\u00e1sio Maia (vice-presidente), Cida Ramos (secret\u00e1ria geral), Jeov\u00e1 Campos e Buba Germano (secret\u00e1rios especiais), M\u00e1rcia Lucena (1\u00aa secret\u00e1ria) e F\u00e1bio Maia (secret\u00e1rio de finan\u00e7as).<\/p>\n\n\n\n<p>Paraibaonline<\/p>\n","protected":false},"excerpt":{"rendered":"<p>O secret\u00e1rio-chefe do Governo, Edvaldo Rosas, ap\u00f3s um per\u00edodo sem se pronunciar sobre o imbr\u00f3glio pol\u00edtico que envolveu o Partido Socialista Brasileiro (PSB), quebrou o&hellip; <\/p>\n","protected":false},"author":1,"featured_media":135973,"comment_status":"closed","ping_status":"closed","sticky":false,"template":"","format":"standard","meta":{"sfsi_plus_gutenberg_text_before_share":"","sfsi_plus_gutenberg_show_text_before_share":"","sfsi_plus_gutenberg_icon_type":"","sfsi_plus_gutenberg_icon_alignemt":"","sfsi_plus_gutenburg_max_per_row":"","footnotes":""},"categories":[11],"tags":[],"class_list":["post-135971","post","type-post","status-publish","format-standard","has-post-thumbnail","hentry","category-politica"],"_links":{"self":[{"href":"https:\/\/www.caririemacao.com\/1\/wp-json\/wp\/v2\/posts\/135971","targetHints":{"allow":["GET"]}}],"collection":[{"href":"https:\/\/www.caririemacao.com\/1\/wp-json\/wp\/v2\/posts"}],"about":[{"href":"https:\/\/www.caririemacao.com\/1\/wp-json\/wp\/v2\/types\/post"}],"author":[{"embeddable":true,"href":"https:\/\/www.caririemacao.com\/1\/wp-json\/wp\/v2\/users\/1"}],"replies":[{"embeddable":true,"href":"https:\/\/www.caririemacao.com\/1\/wp-json\/wp\/v2\/comments?post=135971"}],"version-history":[{"count":1,"href":"https:\/\/www.caririemacao.com\/1\/wp-json\/wp\/v2\/posts\/135971\/revisions"}],"predecessor-version":[{"id":135974,"href":"https:\/\/www.caririemacao.com\/1\/wp-json\/wp\/v2\/posts\/135971\/revisions\/135974"}],"wp:featuredmedia":[{"embeddable":true,"href":"https:\/\/www.caririemacao.com\/1\/wp-json\/wp\/v2\/media\/135973"}],"wp:attachment":[{"href":"https:\/\/www.caririemacao.com\/1\/wp-json\/wp\/v2\/media?parent=135971"}],"wp:term":[{"taxonomy":"category","embeddable":true,"href":"https:\/\/www.caririemacao.com\/1\/wp-json\/wp\/v2\/categories?post=135971"},{"taxonomy":"post_tag","embeddable":true,"href":"https:\/\/www.caririemacao.com\/1\/wp-json\/wp\/v2\/tags?post=135971"}],"curies":[{"name":"wp","href":"https:\/\/api.w.org\/{rel}","templated":true}]}}