{"id":135981,"date":"2019-11-16T11:12:25","date_gmt":"2019-11-16T14:12:25","guid":{"rendered":"http:\/\/www.caririemacao.com\/1\/?p=135981"},"modified":"2019-11-16T11:12:25","modified_gmt":"2019-11-16T14:12:25","slug":"adriano-galdino-foi-o-deputado-estadual-mais-atuante-no-cariri-em-2019-segundo-pesquisa","status":"publish","type":"post","link":"https:\/\/www.caririemacao.com\/1\/2019\/11\/16\/adriano-galdino-foi-o-deputado-estadual-mais-atuante-no-cariri-em-2019-segundo-pesquisa\/","title":{"rendered":"Adriano Galdino foi o Deputado Estadual mais atuante no Cariri em 2019, segundo pesquisa"},"content":{"rendered":"\n<p>O Deputado Estadual e Presidente da ALPB Adriano Galdino foi o mais atuante nas cidades do Cariri em 2019.<\/p>\n\n\n\n<p>A pesquisa foi realizada pelo Cariri em A\u00e7\u00e3o. Das 21 cidades em que foi feita a pesquisa, em 8 cidades Adriano Galdino aparece em 1\u00b0 lugar. Sendo elas: Cabaceiras, Cara\u00fabas, Monteiro, Parari, Santo Andr\u00e9, S\u00e3o Jo\u00e3o do Tigre, S\u00e3o Jos\u00e9 dos Cordeiros e S\u00e3o Sebasti\u00e3o do Umbuzeiro<\/p>\n\n\n\n<p>Para celebrar a conquista, no dia 07 de dezembro acontecer\u00e1 a cerim\u00f4nia de premia\u00e7\u00e3o em Monteiro-PB, no Clube Alexandre da Silva Brito.<\/p>\n\n\n\n<p>PARA\u00cdBA DEBATE <\/p>\n","protected":false},"excerpt":{"rendered":"<p>O Deputado Estadual e Presidente da ALPB Adriano Galdino foi o mais atuante nas cidades do Cariri em 2019. A pesquisa foi realizada pelo Cariri&hellip; <\/p>\n","protected":false},"author":1,"featured_media":47327,"comment_status":"closed","ping_status":"closed","sticky":false,"template":"","format":"standard","meta":{"sfsi_plus_gutenberg_text_before_share":"","sfsi_plus_gutenberg_show_text_before_share":"","sfsi_plus_gutenberg_icon_type":"","sfsi_plus_gutenberg_icon_alignemt":"","sfsi_plus_gutenburg_max_per_row":"","footnotes":""},"categories":[11],"tags":[],"class_list":["post-135981","post","type-post","status-publish","format-standard","has-post-thumbnail","hentry","category-politica"],"_links":{"self":[{"href":"https:\/\/www.caririemacao.com\/1\/wp-json\/wp\/v2\/posts\/135981","targetHints":{"allow":["GET"]}}],"collection":[{"href":"https:\/\/www.caririemacao.com\/1\/wp-json\/wp\/v2\/posts"}],"about":[{"href":"https:\/\/www.caririemacao.com\/1\/wp-json\/wp\/v2\/types\/post"}],"author":[{"embeddable":true,"href":"https:\/\/www.caririemacao.com\/1\/wp-json\/wp\/v2\/users\/1"}],"replies":[{"embeddable":true,"href":"https:\/\/www.caririemacao.com\/1\/wp-json\/wp\/v2\/comments?post=135981"}],"version-history":[{"count":1,"href":"https:\/\/www.caririemacao.com\/1\/wp-json\/wp\/v2\/posts\/135981\/revisions"}],"predecessor-version":[{"id":135983,"href":"https:\/\/www.caririemacao.com\/1\/wp-json\/wp\/v2\/posts\/135981\/revisions\/135983"}],"wp:featuredmedia":[{"embeddable":true,"href":"https:\/\/www.caririemacao.com\/1\/wp-json\/wp\/v2\/media\/47327"}],"wp:attachment":[{"href":"https:\/\/www.caririemacao.com\/1\/wp-json\/wp\/v2\/media?parent=135981"}],"wp:term":[{"taxonomy":"category","embeddable":true,"href":"https:\/\/www.caririemacao.com\/1\/wp-json\/wp\/v2\/categories?post=135981"},{"taxonomy":"post_tag","embeddable":true,"href":"https:\/\/www.caririemacao.com\/1\/wp-json\/wp\/v2\/tags?post=135981"}],"curies":[{"name":"wp","href":"https:\/\/api.w.org\/{rel}","templated":true}]}}