{"id":135988,"date":"2019-11-16T11:14:32","date_gmt":"2019-11-16T14:14:32","guid":{"rendered":"http:\/\/www.caririemacao.com\/1\/?p=135988"},"modified":"2019-11-16T11:14:32","modified_gmt":"2019-11-16T14:14:32","slug":"nao-vejo-a-hora-do-lula-morrer-diz-deputado-do-psl","status":"publish","type":"post","link":"https:\/\/www.caririemacao.com\/1\/2019\/11\/16\/nao-vejo-a-hora-do-lula-morrer-diz-deputado-do-psl\/","title":{"rendered":"\u201cN\u00e3o vejo a hora do Lula morrer\u2019, diz deputado do PSL"},"content":{"rendered":"\n<p>O deputado federal Coronel Tadeu (<a href=\"https:\/\/veja.abril.com.br\/noticias-sobre\/psl\/\"><strong>PSL<\/strong><\/a>-SP) afirmou neste s\u00e1bado que n\u00e3o v\u00ea a hora \u201cdo Lula morrer\u201d. A frase foi publicada em seu perfil no Twitter durante a tarde, poucas horas depois de o ex-presidente\u00a0<strong>Luiz In\u00e1cio Lula da Silva<\/strong>\u00a0fazer um discurso em tom cr\u00edtico ao presidente\u00a0<strong>Jair Bolsonaro<\/strong>\u00a0(PSL) na sede do Sindicato dos Metal\u00fargicos do ABC, em S\u00e3o Bernardo do Campo.<\/p>\n\n\n\n<p>\u201cN\u00e3o vejo a hora do Lula morrer\u201d, escreveu o deputado na rede social. \u201cN\u00e3o \u00e9 discurso de \u00f3dio e sim de paz. O hist\u00f3rico desse sujeito n\u00e3o deixa saudades, mas um exemplo para essa na\u00e7\u00e3o acordar dos males que sofreu.\u201d<\/p>\n\n\n\n<figure class=\"wp-block-image\"><img decoding=\"async\" data-src=\"http:\/\/paraibadebate.com.br\/wp-content\/uploads\/2019\/11\/printdott.png\" alt=\"\" class=\"wp-image-100064 lazyload\" src=\"data:image\/svg+xml;base64,PHN2ZyB3aWR0aD0iMSIgaGVpZ2h0PSIxIiB4bWxucz0iaHR0cDovL3d3dy53My5vcmcvMjAwMC9zdmciPjwvc3ZnPg==\" \/><\/figure>\n\n\n\n<p>No Twitter, Coronel Tadeu protestou diversas vezes contra a sa\u00edda de Lula da pris\u00e3o. O ex-presidente deixou a Superintend\u00eancia da Pol\u00edcia Federal em Curitiba nesta sexta-feira, menos de 24 horas depois de o Supremo Tribunal Federal (STF) barrar pris\u00f5es ap\u00f3s condena\u00e7\u00e3o em segunda inst\u00e2ncia.<\/p>\n\n\n\n<p>Neste s\u00e1bado, o petista chegou a S\u00e3o Paulo e se encaminhou para S\u00e3o Bernardo do Campo, no Grande ABC, onde fez um discurso para a milit\u00e2ncia. Lula afirmou que Bolsonaro n\u00e3o foi eleito para \u201cgovernar para milicianos do Rio de Janeiro\u201d e chamou o ministro da Justi\u00e7a Sergio Moro de \u201ccanalha\u201d.<\/p>\n\n\n\n<p>Fonte: O Globo<\/p>\n","protected":false},"excerpt":{"rendered":"<p>O deputado federal Coronel Tadeu (PSL-SP) afirmou neste s\u00e1bado que n\u00e3o v\u00ea a hora \u201cdo Lula morrer\u201d. A frase foi publicada em seu perfil no&hellip; <\/p>\n","protected":false},"author":1,"featured_media":135990,"comment_status":"closed","ping_status":"closed","sticky":false,"template":"","format":"standard","meta":{"sfsi_plus_gutenberg_text_before_share":"","sfsi_plus_gutenberg_show_text_before_share":"","sfsi_plus_gutenberg_icon_type":"","sfsi_plus_gutenberg_icon_alignemt":"","sfsi_plus_gutenburg_max_per_row":"","footnotes":""},"categories":[11],"tags":[],"class_list":["post-135988","post","type-post","status-publish","format-standard","has-post-thumbnail","hentry","category-politica"],"_links":{"self":[{"href":"https:\/\/www.caririemacao.com\/1\/wp-json\/wp\/v2\/posts\/135988","targetHints":{"allow":["GET"]}}],"collection":[{"href":"https:\/\/www.caririemacao.com\/1\/wp-json\/wp\/v2\/posts"}],"about":[{"href":"https:\/\/www.caririemacao.com\/1\/wp-json\/wp\/v2\/types\/post"}],"author":[{"embeddable":true,"href":"https:\/\/www.caririemacao.com\/1\/wp-json\/wp\/v2\/users\/1"}],"replies":[{"embeddable":true,"href":"https:\/\/www.caririemacao.com\/1\/wp-json\/wp\/v2\/comments?post=135988"}],"version-history":[{"count":1,"href":"https:\/\/www.caririemacao.com\/1\/wp-json\/wp\/v2\/posts\/135988\/revisions"}],"predecessor-version":[{"id":135991,"href":"https:\/\/www.caririemacao.com\/1\/wp-json\/wp\/v2\/posts\/135988\/revisions\/135991"}],"wp:featuredmedia":[{"embeddable":true,"href":"https:\/\/www.caririemacao.com\/1\/wp-json\/wp\/v2\/media\/135990"}],"wp:attachment":[{"href":"https:\/\/www.caririemacao.com\/1\/wp-json\/wp\/v2\/media?parent=135988"}],"wp:term":[{"taxonomy":"category","embeddable":true,"href":"https:\/\/www.caririemacao.com\/1\/wp-json\/wp\/v2\/categories?post=135988"},{"taxonomy":"post_tag","embeddable":true,"href":"https:\/\/www.caririemacao.com\/1\/wp-json\/wp\/v2\/tags?post=135988"}],"curies":[{"name":"wp","href":"https:\/\/api.w.org\/{rel}","templated":true}]}}