{"id":136000,"date":"2019-11-16T15:05:04","date_gmt":"2019-11-16T18:05:04","guid":{"rendered":"http:\/\/www.caririemacao.com\/1\/?p=136000"},"modified":"2019-11-16T15:05:04","modified_gmt":"2019-11-16T18:05:04","slug":"apreensao-de-cocaina-pela-receita-federal-bate-recorde-em-2019","status":"publish","type":"post","link":"https:\/\/www.caririemacao.com\/1\/2019\/11\/16\/apreensao-de-cocaina-pela-receita-federal-bate-recorde-em-2019\/","title":{"rendered":"Apreens\u00e3o de coca\u00edna pela Receita Federal bate recorde em 2019"},"content":{"rendered":"\n<p>As apreens\u00f5es de coca\u00edna pela Receita Federal bateram recorde neste ano e somaram 47,1 toneladas&nbsp;de janeiro&nbsp;a outubro. O resultado supera em quase 50% as 31,5 toneladas apreendidas em todo o ano de 2018.<\/p>\n\n\n\n<p>O porto que mais registrou apreens\u00f5es neste ano foi o de Santos (SP), com 18,9 toneladas. Em seguida v\u00eam os portos de Paranagu\u00e1 (PR), com 13,5 toneladas; de&nbsp;Natal, com 4,4 toneladas, e de Itaja\u00ed (SC), com 3,7 toneladas. Segundo a Receita, a maior parte da droga foi identificada em cargas que seriam exportadas para a Europa e a \u00c1frica.<\/p>\n\n\n\n<p>De acordo com a Subsecretaria de Administra\u00e7\u00e3o Aduaneira da Receita Federal, o aumento no volume recolhido decorre do aperfei\u00e7oamento das t\u00e9cnicas de controle aduaneiro, com o uso intensivo de gest\u00e3o de riscos, em que os agentes priorizam a fiscaliza\u00e7\u00e3o em cargas com mais risco de apreens\u00f5es. A alta tamb\u00e9m se deve \u00e0s a\u00e7\u00f5es de intelig\u00eancia, quando o Fisco consegue identificar o transporte da droga com anteced\u00eancia, e \u00e0 integra\u00e7\u00e3o com outros \u00f3rg\u00e3os, como a Pol\u00edcia Federal.<\/p>\n\n\n\n<p>A Receita tamb\u00e9m aponta, como fatores que elevaram as apreens\u00f5es de drogas, os investimentos em tecnologia, a capacita\u00e7\u00e3o dos servidores, a utiliza\u00e7\u00e3o de scanners e de c\u00e3es farejadores e o pr\u00f3prio aumento das opera\u00e7\u00f5es de fiscaliza\u00e7\u00e3o nas alf\u00e2ndegas.<\/p>\n\n\n\n<p>Nos \u00faltimos quatro anos, a apreens\u00e3o de coca\u00edna registrou uma eleva\u00e7\u00e3o consider\u00e1vel. O volume subiu de 2,5 toneladas em 2015, para 15,2 toneladas em 2016, 18,1 toneladas em 2017 e 31,5 toneladas no ano passado.<\/p>\n","protected":false},"excerpt":{"rendered":"<p>As apreens\u00f5es de coca\u00edna pela Receita Federal bateram recorde neste ano e somaram 47,1 toneladas&nbsp;de janeiro&nbsp;a outubro. O resultado supera em quase 50% as 31,5&hellip; <\/p>\n","protected":false},"author":1,"featured_media":136002,"comment_status":"closed","ping_status":"closed","sticky":false,"template":"","format":"standard","meta":{"sfsi_plus_gutenberg_text_before_share":"","sfsi_plus_gutenberg_show_text_before_share":"","sfsi_plus_gutenberg_icon_type":"","sfsi_plus_gutenberg_icon_alignemt":"","sfsi_plus_gutenburg_max_per_row":"","footnotes":""},"categories":[2],"tags":[],"class_list":["post-136000","post","type-post","status-publish","format-standard","has-post-thumbnail","hentry","category-geral"],"_links":{"self":[{"href":"https:\/\/www.caririemacao.com\/1\/wp-json\/wp\/v2\/posts\/136000","targetHints":{"allow":["GET"]}}],"collection":[{"href":"https:\/\/www.caririemacao.com\/1\/wp-json\/wp\/v2\/posts"}],"about":[{"href":"https:\/\/www.caririemacao.com\/1\/wp-json\/wp\/v2\/types\/post"}],"author":[{"embeddable":true,"href":"https:\/\/www.caririemacao.com\/1\/wp-json\/wp\/v2\/users\/1"}],"replies":[{"embeddable":true,"href":"https:\/\/www.caririemacao.com\/1\/wp-json\/wp\/v2\/comments?post=136000"}],"version-history":[{"count":1,"href":"https:\/\/www.caririemacao.com\/1\/wp-json\/wp\/v2\/posts\/136000\/revisions"}],"predecessor-version":[{"id":136003,"href":"https:\/\/www.caririemacao.com\/1\/wp-json\/wp\/v2\/posts\/136000\/revisions\/136003"}],"wp:featuredmedia":[{"embeddable":true,"href":"https:\/\/www.caririemacao.com\/1\/wp-json\/wp\/v2\/media\/136002"}],"wp:attachment":[{"href":"https:\/\/www.caririemacao.com\/1\/wp-json\/wp\/v2\/media?parent=136000"}],"wp:term":[{"taxonomy":"category","embeddable":true,"href":"https:\/\/www.caririemacao.com\/1\/wp-json\/wp\/v2\/categories?post=136000"},{"taxonomy":"post_tag","embeddable":true,"href":"https:\/\/www.caririemacao.com\/1\/wp-json\/wp\/v2\/tags?post=136000"}],"curies":[{"name":"wp","href":"https:\/\/api.w.org\/{rel}","templated":true}]}}