{"id":136008,"date":"2019-11-16T15:09:04","date_gmt":"2019-11-16T18:09:04","guid":{"rendered":"http:\/\/www.caririemacao.com\/1\/?p=136008"},"modified":"2019-11-16T15:09:04","modified_gmt":"2019-11-16T18:09:04","slug":"flamengo-encara-gremio-na-arena-antes-da-final-da-libertadores","status":"publish","type":"post","link":"https:\/\/www.caririemacao.com\/1\/2019\/11\/16\/flamengo-encara-gremio-na-arena-antes-da-final-da-libertadores\/","title":{"rendered":"Flamengo encara Gr\u00eamio na Arena antes da final da Libertadores"},"content":{"rendered":"\n<p>Revanche \u00e9 a marca da partida entre Gr\u00eamio e Flamengo, neste domingo (17), \u00e0s 16h, em Porto Alegre, pela 33\u00aa rodada do Campeonato Brasileiro. Ser\u00e1 o primeiro encontro entre as equipes desde a goleada rubro-negra por 5 a 0 pela semifinal da Copa Libertadores da Am\u00e9rica, h\u00e1 25 dias.<\/p>\n\n\n\n<p>No Brasileiro, ambos os times est\u00e3o no topo da tabela, mas o Flamengo est\u00e1 perto da conquista. Com 11 pontos de vantagem sobre o vice-l\u00edder Palmeiras -e uma partida a mais-, a equipe dirigida por Jorge Jesus precisa de mais sete pontos para levantar a ta\u00e7a. O Gr\u00eamio, que ocupa o quarto lugar, briga para entrar na fase de grupos da Libertadores de 2020. E para isso, basta manter-se nessa posi\u00e7\u00e3o at\u00e9 o fim.<\/p>\n\n\n\n<p>Apesar de o \u00faltimo confronto j\u00e1 ter ficado para tr\u00e1s, n\u00e3o d\u00e1 para negar que o clima de revanche estar\u00e1 presente em Porto Alegre. O t\u00e9cnico Renato Ga\u00facho falou sobre os desfalques que o advers\u00e1rio ter\u00e1 no cl\u00e1ssico e referiu-se ao seu pr\u00f3prio time para justificar que as aus\u00eancias n\u00e3o podem ser lamentadas.<\/p>\n\n\n\n<p>\u201cO Gr\u00eamio jogou sem alguns jogadores na Libertadores. E o Flamengo, com o poder todo que tem, se n\u00e3o tiver dois ou tr\u00eas jogadores, n\u00e3o vai mudar nada. O Flamengo est\u00e1 preparado, da mesma forma que o Gr\u00eamio quando perde alguns jogadores. Um clube com o poder do Flamengo n\u00e3o pode ficar lamentando\u201d, afirmou o treinador.<\/p>\n\n\n\n<p>Os desfalques do Flamengo s\u00e3o o volante Willian Ar\u00e3o, o meio-campista Gerson e o atacante Bruno Henrique. E como \u00e9 praxe para Jorge Jesus, nenhum jogador deve ser poupado para encarar o Gr\u00eamio. Piris da Motta, Reinier e Vitinho ser\u00e3o os substitutos.<\/p>\n\n\n\n<p>A d\u00favida em rela\u00e7\u00e3o \u00e0 escala\u00e7\u00e3o recai sobre a final da Libertadores. O duelo contra o Gr\u00eamio ser\u00e1 o \u00faltimo antes da partida contra o River Plate, que acontece no dia 23, em Lima.<\/p>\n\n\n\n<figure class=\"wp-block-image\"><img decoding=\"async\" data-src=\"https:\/\/paraibaonline.com.br\/wp-content\/uploads\/2019\/10\/flamengo-2-567x378.jpg\" alt=\"Foto: Lucas Uebel\/Gr\u00eamio FBPA\" class=\"wp-image-815067 lazyload\" src=\"data:image\/svg+xml;base64,PHN2ZyB3aWR0aD0iMSIgaGVpZ2h0PSIxIiB4bWxucz0iaHR0cDovL3d3dy53My5vcmcvMjAwMC9zdmciPjwvc3ZnPg==\" style=\"--smush-placeholder-width: 567px; --smush-placeholder-aspect-ratio: 567\/378;\" \/><\/figure>\n\n\n\n<p>Foto: Lucas Uebel\/Gr\u00eamio FBPA<\/p>\n\n\n\n<p>E isso tem o apoio de Arrascaeta, que deve atuar como titular depois de ter ficado entre os reservas no empate por 4 a 4 com o Vasco na quarta-feira passada (13). \u201cEu preciso jogar domingo. Estou voltando agora. Nosso time vem em uma sequ\u00eancia com uma metodologia do nosso treinador de n\u00e3o poupar, de todo mundo que estiver \u00e0 disposi\u00e7\u00e3o ir para o jogo\u201d, afirmou. \u201cTemos a final da Libertadores, mas tamb\u00e9m \u00e9 muito importante para n\u00f3s essa reta final desse campeonato. Acho que n\u00e3o vai ser diferente.\u201d<\/p>\n\n\n\n<p>E mesmo que seja arriscado, a estrat\u00e9gia de Jorge Jesus vem dando certo. A equipe rubro-negra ostenta uma invencibilidade de 20 partidas no Brasileiro, sendo 17 triunfos e 3 empates.<\/p>\n\n\n\n<p>O Gr\u00eamio tamb\u00e9m vive boa fase no Brasileiro. A equipe de Renato Ga\u00facho venceu as cinco partidas desde a elimina\u00e7\u00e3o diante do Flamengo. Essa sequ\u00eancia foi a respons\u00e1vel por lev\u00e1-la para a quarta coloca\u00e7\u00e3o.<\/p>\n\n\n\n<p>O time ga\u00facho tamb\u00e9m ir\u00e1 para o jogo com desfalques. O zagueiro Kannemann est\u00e1 defendendo a sele\u00e7\u00e3o argentina, assim como o volante Matheus Henrique, que est\u00e1 com a brasileira. Em seus lugares, ser\u00e3o escalados David Braz e Darlan.<\/p>\n\n\n\n<p>GR\u00caMIO<br>Paulo Victor; L\u00e9o Moura, Geromel, David Braz e Cortez; Maicon, Darlan (Michel), Alisson, Tardelli e Everton; Luciano. T.: Renato Ga\u00facho<\/p>\n\n\n\n<p>FLAMENGO<br>Diego Alves; Rafinha, Pablo Mar\u00ed, Rodrigo Caio, Filipe Lu\u00eds; Piris da Motta, Arrascaeta, \u00c9verton Ribeiro, Reinier; Vitinho, Gabriel Barbosa. T.: Jorge Jesus<\/p>\n\n\n\n<p>Est\u00e1dio: Arena do Gr\u00eamio, em Porto Alegre (RS)<br>Hor\u00e1rio: 16h deste domingo<br>Juiz: Raphael Claus (SP)<\/p>\n","protected":false},"excerpt":{"rendered":"<p>Revanche \u00e9 a marca da partida entre Gr\u00eamio e Flamengo, neste domingo (17), \u00e0s 16h, em Porto Alegre, pela 33\u00aa rodada do Campeonato Brasileiro. Ser\u00e1&hellip; <\/p>\n","protected":false},"author":1,"featured_media":136010,"comment_status":"closed","ping_status":"closed","sticky":false,"template":"","format":"standard","meta":{"sfsi_plus_gutenberg_text_before_share":"","sfsi_plus_gutenberg_show_text_before_share":"","sfsi_plus_gutenberg_icon_type":"","sfsi_plus_gutenberg_icon_alignemt":"","sfsi_plus_gutenburg_max_per_row":"","footnotes":""},"categories":[13],"tags":[],"class_list":["post-136008","post","type-post","status-publish","format-standard","has-post-thumbnail","hentry","category-esportes"],"_links":{"self":[{"href":"https:\/\/www.caririemacao.com\/1\/wp-json\/wp\/v2\/posts\/136008","targetHints":{"allow":["GET"]}}],"collection":[{"href":"https:\/\/www.caririemacao.com\/1\/wp-json\/wp\/v2\/posts"}],"about":[{"href":"https:\/\/www.caririemacao.com\/1\/wp-json\/wp\/v2\/types\/post"}],"author":[{"embeddable":true,"href":"https:\/\/www.caririemacao.com\/1\/wp-json\/wp\/v2\/users\/1"}],"replies":[{"embeddable":true,"href":"https:\/\/www.caririemacao.com\/1\/wp-json\/wp\/v2\/comments?post=136008"}],"version-history":[{"count":1,"href":"https:\/\/www.caririemacao.com\/1\/wp-json\/wp\/v2\/posts\/136008\/revisions"}],"predecessor-version":[{"id":136011,"href":"https:\/\/www.caririemacao.com\/1\/wp-json\/wp\/v2\/posts\/136008\/revisions\/136011"}],"wp:featuredmedia":[{"embeddable":true,"href":"https:\/\/www.caririemacao.com\/1\/wp-json\/wp\/v2\/media\/136010"}],"wp:attachment":[{"href":"https:\/\/www.caririemacao.com\/1\/wp-json\/wp\/v2\/media?parent=136008"}],"wp:term":[{"taxonomy":"category","embeddable":true,"href":"https:\/\/www.caririemacao.com\/1\/wp-json\/wp\/v2\/categories?post=136008"},{"taxonomy":"post_tag","embeddable":true,"href":"https:\/\/www.caririemacao.com\/1\/wp-json\/wp\/v2\/tags?post=136008"}],"curies":[{"name":"wp","href":"https:\/\/api.w.org\/{rel}","templated":true}]}}