{"id":136022,"date":"2019-11-16T19:47:26","date_gmt":"2019-11-16T22:47:26","guid":{"rendered":"http:\/\/www.caririemacao.com\/1\/?p=136022"},"modified":"2019-11-16T19:47:26","modified_gmt":"2019-11-16T22:47:26","slug":"operacao-republica-realiza-apreensoes-de-arma-de-fogo-neste-feriado-no-cariri","status":"publish","type":"post","link":"https:\/\/www.caririemacao.com\/1\/2019\/11\/16\/operacao-republica-realiza-apreensoes-de-arma-de-fogo-neste-feriado-no-cariri\/","title":{"rendered":"Opera\u00e7\u00e3o Rep\u00fablica realiza apreens\u00f5es de arma de fogo neste feriado no Cariri"},"content":{"rendered":"\n<p>A Pol\u00edcia Militar apreendeu quinze armas de fogo no feriado dessa sexta-feira (15), durante as a\u00e7\u00f5es da Opera\u00e7\u00e3o Rep\u00fablica, nas cidades Jo\u00e3o Pessoa, Campina Grande, Santa Rita, Bel\u00e9m do Brejo do Cruz, Gado Bravo, Boqueir\u00e3o, Vier\u00f3polis, Bayeux e Serra da Raiz. Desde a noite da \u00faltima quinta-feira (14), a corpora\u00e7\u00e3o vem atuando com um forte esquema de seguran\u00e7a para aumentar a presen\u00e7a policial em locais estrat\u00e9gicos, neste feriad\u00e3o.<\/p>\n\n\n\n<p>A capital paraibana registrou quatro apreens\u00f5es. Foi no bairro de Mandacaru, onde um um suspeito de 19 anos foi preso com um rev\u00f3lver e oito por\u00e7\u00f5es de maconha, na rua Iai\u00e1 Paiva. No bairro do Jos\u00e9 Am\u00e9rico, atrav\u00e9s de uma den\u00fancia an\u00f4nima que levou os policiais at\u00e9 uma casa abandonada, que estava sendo usada para guardar uma espingarda, na comunidade Laranjeiras. No bairro do Cui\u00e1, com um suspeito de 21 anos preso com uma pistola, ap\u00f3s ter o carro abordado em frente a um bar. E no bairro das Ind\u00fastrias, atrav\u00e9s de uma incurs\u00e3o policial realizada na localidade conhecida como \u201cinvas\u00e3o S\u00e3o Rafael\u201d, que terminou com dois suspeitos \u2013 47 e 31 anos \u2013 presos em flagrante com um rev\u00f3lver, 41 embalagens com coca\u00edna, 177 comprimidos psicotr\u00f3picos e dinheiro.<\/p>\n\n\n\n<p>Ainda na Grande Jo\u00e3o Pessoa, foi preso um suspeito de 20 anos ap\u00f3s ser flagrado com um rev\u00f3lver, no bairro de S\u00e3o Bento, em Bayeux, e detidos dois jovens, de 20 e 17 anos, no bairro de Tibiri, munic\u00edpio de Santa Rita. Nos dois casos, os suspeitos foram levados para a 6\u00aa Delegacia Distrital, em Santa Rita.<\/p>\n\n\n\n<p>Em Camina Grande, um adolescente de 17 anos foi flagrado com um rev\u00f3lver, durante abordagem no bairro do Arax\u00e1. Ele ainda tentou fugir ao perceber a presen\u00e7a da PM, mas os policiais conseguiram det\u00ea-lo e apreenderam a arma com ele.<\/p>\n\n\n\n<p><strong>Apreens\u00f5es em outras cidades \u2013<\/strong>&nbsp;Quatro armas de fogo foram apreendidas na casa de um homem procurado pela justi\u00e7a, na zona rural de Gado Bravo. O suspeito segue sendo procurado. Em Boqueir\u00e3o, foi apreendido um rev\u00f3lver com um suspeito de 25 anos, que teria ferido um primo acidentalmente com um disparo. Em Vier\u00f3polis, um homem de 74 anos foi detido com um rev\u00f3lver ap\u00f3s ser flagrado atirando em via p\u00fablica. Na cidade de Bel\u00e9m do Brejo do Cruz, uma espingarda foi apreendida com um homem de 55 anos, suspeito de amea\u00e7ar o pr\u00f3prio irm\u00e3o. E em Serra da Raiz, foi apreendida uma pistola com um adolescente de 14 anos.<\/p>\n","protected":false},"excerpt":{"rendered":"<p>A Pol\u00edcia Militar apreendeu quinze armas de fogo no feriado dessa sexta-feira (15), durante as a\u00e7\u00f5es da Opera\u00e7\u00e3o Rep\u00fablica, nas cidades Jo\u00e3o Pessoa, Campina Grande,&hellip; <\/p>\n","protected":false},"author":1,"featured_media":82836,"comment_status":"closed","ping_status":"closed","sticky":false,"template":"","format":"standard","meta":{"sfsi_plus_gutenberg_text_before_share":"","sfsi_plus_gutenberg_show_text_before_share":"","sfsi_plus_gutenberg_icon_type":"","sfsi_plus_gutenberg_icon_alignemt":"","sfsi_plus_gutenburg_max_per_row":"","footnotes":""},"categories":[12],"tags":[],"class_list":["post-136022","post","type-post","status-publish","format-standard","has-post-thumbnail","hentry","category-policia"],"_links":{"self":[{"href":"https:\/\/www.caririemacao.com\/1\/wp-json\/wp\/v2\/posts\/136022","targetHints":{"allow":["GET"]}}],"collection":[{"href":"https:\/\/www.caririemacao.com\/1\/wp-json\/wp\/v2\/posts"}],"about":[{"href":"https:\/\/www.caririemacao.com\/1\/wp-json\/wp\/v2\/types\/post"}],"author":[{"embeddable":true,"href":"https:\/\/www.caririemacao.com\/1\/wp-json\/wp\/v2\/users\/1"}],"replies":[{"embeddable":true,"href":"https:\/\/www.caririemacao.com\/1\/wp-json\/wp\/v2\/comments?post=136022"}],"version-history":[{"count":1,"href":"https:\/\/www.caririemacao.com\/1\/wp-json\/wp\/v2\/posts\/136022\/revisions"}],"predecessor-version":[{"id":136024,"href":"https:\/\/www.caririemacao.com\/1\/wp-json\/wp\/v2\/posts\/136022\/revisions\/136024"}],"wp:featuredmedia":[{"embeddable":true,"href":"https:\/\/www.caririemacao.com\/1\/wp-json\/wp\/v2\/media\/82836"}],"wp:attachment":[{"href":"https:\/\/www.caririemacao.com\/1\/wp-json\/wp\/v2\/media?parent=136022"}],"wp:term":[{"taxonomy":"category","embeddable":true,"href":"https:\/\/www.caririemacao.com\/1\/wp-json\/wp\/v2\/categories?post=136022"},{"taxonomy":"post_tag","embeddable":true,"href":"https:\/\/www.caririemacao.com\/1\/wp-json\/wp\/v2\/tags?post=136022"}],"curies":[{"name":"wp","href":"https:\/\/api.w.org\/{rel}","templated":true}]}}