{"id":136035,"date":"2019-11-17T07:28:29","date_gmt":"2019-11-17T10:28:29","guid":{"rendered":"http:\/\/www.caririemacao.com\/1\/?p=136035"},"modified":"2019-11-17T07:28:29","modified_gmt":"2019-11-17T10:28:29","slug":"bandidos-arrombam-e-furtam-bar-em-sousa","status":"publish","type":"post","link":"https:\/\/www.caririemacao.com\/1\/2019\/11\/17\/bandidos-arrombam-e-furtam-bar-em-sousa\/","title":{"rendered":"Bandidos arrombam e furtam bar em Sousa"},"content":{"rendered":"\n<p>Um arrombamento seguido de furto ocorreu em um estabelecimento no Distrito de S\u00e3o Gon\u00e7alo, em Sousa, na \u00faltima sexta-feira (15).<\/p>\n\n\n\n<p>De acordo com informa\u00e7\u00f5es da Pol\u00edcia Militar, a porta foi arrombada e os bandidos furtaram um aparelho de televis\u00e3o e dois botij\u00f5es de g\u00e1s.<\/p>\n\n\n\n<p>A ocorr\u00eancia foi formalizada na Delegacia de Pol\u00edcia Civil.<\/p>\n\n\n\n<p>At\u00e9 o momento, ningu\u00e9m foi preso.<\/p>\n","protected":false},"excerpt":{"rendered":"<p>Um arrombamento seguido de furto ocorreu em um estabelecimento no Distrito de S\u00e3o Gon\u00e7alo, em Sousa, na \u00faltima sexta-feira (15). De acordo com informa\u00e7\u00f5es da&hellip; <\/p>\n","protected":false},"author":1,"featured_media":136037,"comment_status":"closed","ping_status":"closed","sticky":false,"template":"","format":"standard","meta":{"sfsi_plus_gutenberg_text_before_share":"","sfsi_plus_gutenberg_show_text_before_share":"","sfsi_plus_gutenberg_icon_type":"","sfsi_plus_gutenberg_icon_alignemt":"","sfsi_plus_gutenburg_max_per_row":"","footnotes":""},"categories":[12],"tags":[],"class_list":["post-136035","post","type-post","status-publish","format-standard","has-post-thumbnail","hentry","category-policia"],"_links":{"self":[{"href":"https:\/\/www.caririemacao.com\/1\/wp-json\/wp\/v2\/posts\/136035","targetHints":{"allow":["GET"]}}],"collection":[{"href":"https:\/\/www.caririemacao.com\/1\/wp-json\/wp\/v2\/posts"}],"about":[{"href":"https:\/\/www.caririemacao.com\/1\/wp-json\/wp\/v2\/types\/post"}],"author":[{"embeddable":true,"href":"https:\/\/www.caririemacao.com\/1\/wp-json\/wp\/v2\/users\/1"}],"replies":[{"embeddable":true,"href":"https:\/\/www.caririemacao.com\/1\/wp-json\/wp\/v2\/comments?post=136035"}],"version-history":[{"count":1,"href":"https:\/\/www.caririemacao.com\/1\/wp-json\/wp\/v2\/posts\/136035\/revisions"}],"predecessor-version":[{"id":136038,"href":"https:\/\/www.caririemacao.com\/1\/wp-json\/wp\/v2\/posts\/136035\/revisions\/136038"}],"wp:featuredmedia":[{"embeddable":true,"href":"https:\/\/www.caririemacao.com\/1\/wp-json\/wp\/v2\/media\/136037"}],"wp:attachment":[{"href":"https:\/\/www.caririemacao.com\/1\/wp-json\/wp\/v2\/media?parent=136035"}],"wp:term":[{"taxonomy":"category","embeddable":true,"href":"https:\/\/www.caririemacao.com\/1\/wp-json\/wp\/v2\/categories?post=136035"},{"taxonomy":"post_tag","embeddable":true,"href":"https:\/\/www.caririemacao.com\/1\/wp-json\/wp\/v2\/tags?post=136035"}],"curies":[{"name":"wp","href":"https:\/\/api.w.org\/{rel}","templated":true}]}}