{"id":136057,"date":"2019-11-17T07:33:15","date_gmt":"2019-11-17T10:33:15","guid":{"rendered":"http:\/\/www.caririemacao.com\/1\/?p=136057"},"modified":"2019-11-17T07:33:15","modified_gmt":"2019-11-17T10:33:15","slug":"por-seguranca-bolsonaro-deixa-vila-antes-do-fim-do-classico","status":"publish","type":"post","link":"https:\/\/www.caririemacao.com\/1\/2019\/11\/17\/por-seguranca-bolsonaro-deixa-vila-antes-do-fim-do-classico\/","title":{"rendered":"Por seguran\u00e7a, Bolsonaro deixa Vila antes do fim do cl\u00e1ssico"},"content":{"rendered":"\n<p>O presidente Jair Bolsonaro deixou a Vila Belmiro antes mesmo do t\u00e9rmino do cl\u00e1ssico entre Santos e S\u00e3o Paulo, a partida estava empatada em 1 a 1. A medida j\u00e1 era estudada desde quinta-feira (14) e atende uma orienta\u00e7\u00e3o de sua seguran\u00e7a pessoal.<\/p>\n\n\n\n<p>Bolsonaro foi alvo de manifesta\u00e7\u00f5es de parte da torcida do Santos durante a semana. Por isso, foi conduzido rapidamente \u00e0 sa\u00edda. Ele estava no camarote ao lado do presidente do clube, Jos\u00e9 Carlos Peres.<\/p>\n\n\n\n<p>Antes mesmo da confirma\u00e7\u00e3o de presen\u00e7a por parte do presidente, o assunto chegou a ser o mais comentado no Brasil no Twitter na \u00faltima quarta-feira (13) com os dizeres &#8220;#BolsonaroNaVilaN\u00e3o&#8221;.<\/p>\n\n\n\n<p><strong>CHEGADA<\/strong><br><\/p>\n\n\n\n<p>O presidente chegou ao est\u00e1dio acompanhado de Jos\u00e9 Carlos Peres e se dirigiu ao camarote do presidente do clube sem conversar com a imprensa.<\/p>\n\n\n\n<p>J\u00e1 no setor reservado, Bolsonaro vestiu uma camisa do time da casa, de n\u00famero 10, e recebeu gritos de &#8216;mito&#8217;, principalmente vindos do setor das cadeiras cativas.<\/p>\n\n\n\n<p>Em seguida, o presidente desceu para tirar fotografias com os torcedores do setor e voltou ao camarote acenando. Houve, ainda, algumas cr\u00edticas a Bolsonaro.<\/p>\n","protected":false},"excerpt":{"rendered":"<p>O presidente Jair Bolsonaro deixou a Vila Belmiro antes mesmo do t\u00e9rmino do cl\u00e1ssico entre Santos e S\u00e3o Paulo, a partida estava empatada em 1&hellip; <\/p>\n","protected":false},"author":1,"featured_media":131966,"comment_status":"closed","ping_status":"closed","sticky":false,"template":"","format":"standard","meta":{"sfsi_plus_gutenberg_text_before_share":"","sfsi_plus_gutenberg_show_text_before_share":"","sfsi_plus_gutenberg_icon_type":"","sfsi_plus_gutenberg_icon_alignemt":"","sfsi_plus_gutenburg_max_per_row":"","footnotes":""},"categories":[11],"tags":[],"class_list":["post-136057","post","type-post","status-publish","format-standard","has-post-thumbnail","hentry","category-politica"],"_links":{"self":[{"href":"https:\/\/www.caririemacao.com\/1\/wp-json\/wp\/v2\/posts\/136057","targetHints":{"allow":["GET"]}}],"collection":[{"href":"https:\/\/www.caririemacao.com\/1\/wp-json\/wp\/v2\/posts"}],"about":[{"href":"https:\/\/www.caririemacao.com\/1\/wp-json\/wp\/v2\/types\/post"}],"author":[{"embeddable":true,"href":"https:\/\/www.caririemacao.com\/1\/wp-json\/wp\/v2\/users\/1"}],"replies":[{"embeddable":true,"href":"https:\/\/www.caririemacao.com\/1\/wp-json\/wp\/v2\/comments?post=136057"}],"version-history":[{"count":1,"href":"https:\/\/www.caririemacao.com\/1\/wp-json\/wp\/v2\/posts\/136057\/revisions"}],"predecessor-version":[{"id":136060,"href":"https:\/\/www.caririemacao.com\/1\/wp-json\/wp\/v2\/posts\/136057\/revisions\/136060"}],"wp:featuredmedia":[{"embeddable":true,"href":"https:\/\/www.caririemacao.com\/1\/wp-json\/wp\/v2\/media\/131966"}],"wp:attachment":[{"href":"https:\/\/www.caririemacao.com\/1\/wp-json\/wp\/v2\/media?parent=136057"}],"wp:term":[{"taxonomy":"category","embeddable":true,"href":"https:\/\/www.caririemacao.com\/1\/wp-json\/wp\/v2\/categories?post=136057"},{"taxonomy":"post_tag","embeddable":true,"href":"https:\/\/www.caririemacao.com\/1\/wp-json\/wp\/v2\/tags?post=136057"}],"curies":[{"name":"wp","href":"https:\/\/api.w.org\/{rel}","templated":true}]}}