{"id":136083,"date":"2019-11-17T10:49:30","date_gmt":"2019-11-17T13:49:30","guid":{"rendered":"http:\/\/www.caririemacao.com\/1\/?p=136083"},"modified":"2019-11-17T10:49:30","modified_gmt":"2019-11-17T13:49:30","slug":"novas-manchas-de-oleo-aparecem-no-litoral-nordestino","status":"publish","type":"post","link":"https:\/\/www.caririemacao.com\/1\/2019\/11\/17\/novas-manchas-de-oleo-aparecem-no-litoral-nordestino\/","title":{"rendered":"Novas manchas de \u00f3leo aparecem no litoral nordestino"},"content":{"rendered":"\n<p>Novas manchas de \u00f3leo foram avistadas neste s\u00e1bado (16) na regi\u00e3o do Delta do Rio Parna\u00edba, regi\u00e3o na divisa entre os estados do Maranh\u00e3o e Piau\u00ed.<\/p>\n\n\n\n<p>De acordo com a Capitania dos Portos local, homens da Marinha foram deslocados para a regi\u00e3o a fim de verificar a quantidade do material e iniciar os trabalhos de limpeza das praias.<\/p>\n\n\n\n<p>Segundo o Instituto Brasileiro do Meio Ambiente e dos Recursos Naturais Renov\u00e1veis (Ibama), o litoral do Piau\u00ed tem quatro pontos onde foram encontrados vest\u00edgios esparsos de \u00f3leo. O n\u00famero consta no balan\u00e7o mais recente divulgado pelo \u00f3rg\u00e3o, atualizado sexta-feira (15), \u00e0s 12h.<\/p>\n\n\n\n<p>Devido ao aparecimento das manchas, a Secretaria do Meio Ambiente e Recursos H\u00eddricos do Estado do Piau\u00ed (Semar) comunicou que toda a orla da Praia de Atalaia, localizada em Lu\u00eds Correia, est\u00e1 impr\u00f3pria para banho.<\/p>\n\n\n\n<p>As manchas de \u00f3leo t\u00eam polu\u00eddo o litoral do Nordeste brasileiro desde o in\u00edcio de setembro. Segundo a Pol\u00edcia Federal (PF),&nbsp; uma embarca\u00e7\u00e3o grega \u00e9 suspeita de ter causado o derramamento de \u00f3leo, que j\u00e1 atingiu mais de 250 praias nordestinas brasileiras.<\/p>\n\n\n\n<p>A embarca\u00e7\u00e3o grega teria atracado em 15 de julho na Venezuela, onde ficou por tr\u00eas dias antes de seguir para Singapura, via \u00c1frica do Sul.<\/p>\n\n\n\n<p>As investiga\u00e7\u00f5es contaram com a participa\u00e7\u00e3o da Marinha, do Minist\u00e9rio P\u00fablico Federal, do Ibama, da Ag\u00eancia Nacional do Petr\u00f3leo, Universidade Federal da Bahia, Universidade de Bras\u00edlia e Universidade Estadual do Cear\u00e1, al\u00e9m de uma empresa privada do ramo de geointelig\u00eancia.<\/p>\n\n\n\n<p>Dessa forma foi poss\u00edvel localizar a mancha inicial do \u00f3leo, a 700 km da costa brasileira (em \u00e1guas internacionais), de extens\u00e3o ainda n\u00e3o calculada.<\/p>\n\n\n\n<p>A partir da localiza\u00e7\u00e3o da mancha inicial, foi poss\u00edvel estimar que o derramamento deve ter ocorrido entre os dias 28 e 29 de julho. Fazendo uso de t\u00e9cnicas de geoci\u00eancia, foi poss\u00edvel chegar \u201cao \u00fanico navio petroleiro que navegou pela \u00e1rea suspeita\u201d, naquela data, segundo a PF.<\/p>\n","protected":false},"excerpt":{"rendered":"<p>Novas manchas de \u00f3leo foram avistadas neste s\u00e1bado (16) na regi\u00e3o do Delta do Rio Parna\u00edba, regi\u00e3o na divisa entre os estados do Maranh\u00e3o e&hellip; <\/p>\n","protected":false},"author":1,"featured_media":136085,"comment_status":"closed","ping_status":"closed","sticky":false,"template":"","format":"standard","meta":{"sfsi_plus_gutenberg_text_before_share":"","sfsi_plus_gutenberg_show_text_before_share":"","sfsi_plus_gutenberg_icon_type":"","sfsi_plus_gutenberg_icon_alignemt":"","sfsi_plus_gutenburg_max_per_row":"","footnotes":""},"categories":[2],"tags":[],"class_list":["post-136083","post","type-post","status-publish","format-standard","has-post-thumbnail","hentry","category-geral"],"_links":{"self":[{"href":"https:\/\/www.caririemacao.com\/1\/wp-json\/wp\/v2\/posts\/136083","targetHints":{"allow":["GET"]}}],"collection":[{"href":"https:\/\/www.caririemacao.com\/1\/wp-json\/wp\/v2\/posts"}],"about":[{"href":"https:\/\/www.caririemacao.com\/1\/wp-json\/wp\/v2\/types\/post"}],"author":[{"embeddable":true,"href":"https:\/\/www.caririemacao.com\/1\/wp-json\/wp\/v2\/users\/1"}],"replies":[{"embeddable":true,"href":"https:\/\/www.caririemacao.com\/1\/wp-json\/wp\/v2\/comments?post=136083"}],"version-history":[{"count":1,"href":"https:\/\/www.caririemacao.com\/1\/wp-json\/wp\/v2\/posts\/136083\/revisions"}],"predecessor-version":[{"id":136086,"href":"https:\/\/www.caririemacao.com\/1\/wp-json\/wp\/v2\/posts\/136083\/revisions\/136086"}],"wp:featuredmedia":[{"embeddable":true,"href":"https:\/\/www.caririemacao.com\/1\/wp-json\/wp\/v2\/media\/136085"}],"wp:attachment":[{"href":"https:\/\/www.caririemacao.com\/1\/wp-json\/wp\/v2\/media?parent=136083"}],"wp:term":[{"taxonomy":"category","embeddable":true,"href":"https:\/\/www.caririemacao.com\/1\/wp-json\/wp\/v2\/categories?post=136083"},{"taxonomy":"post_tag","embeddable":true,"href":"https:\/\/www.caririemacao.com\/1\/wp-json\/wp\/v2\/tags?post=136083"}],"curies":[{"name":"wp","href":"https:\/\/api.w.org\/{rel}","templated":true}]}}