{"id":136102,"date":"2019-11-17T10:56:17","date_gmt":"2019-11-17T13:56:17","guid":{"rendered":"http:\/\/www.caririemacao.com\/1\/?p=136102"},"modified":"2019-11-17T10:56:17","modified_gmt":"2019-11-17T13:56:17","slug":"por-dia-tres-paraibanos-descobrem-que-tem-tuberculose-afirma-especialista","status":"publish","type":"post","link":"https:\/\/www.caririemacao.com\/1\/2019\/11\/17\/por-dia-tres-paraibanos-descobrem-que-tem-tuberculose-afirma-especialista\/","title":{"rendered":"Por dia, tr\u00eas paraibanos descobrem que t\u00eam tuberculose, afirma especialista"},"content":{"rendered":"\n<p><br>Transmitida pelo ar por meio da tosse, a tuberculose, doen\u00e7a causada pelo microorganismo chamado Mycobacterium tuberculosis, tamb\u00e9m conhecido como bacilo de koch, fez tr\u00eas v\u00edtimas por dia na Para\u00edba. Um total de 1.104 pessoas foi diagnosticado com a doen\u00e7a no ano passado, segundo a Secretaria de Estado da Sa\u00fade.<\/p>\n\n\n\n<p>Neste domingo (17), Dia Nacional de Combate \u00e0 Tuberculose, o infectologista do Hapvida em Jo\u00e3o Pessoa, Fernando Chagas, aproveita a data para desmistificar algumas quest\u00f5es sobre a patologia e alertar que o tratamento deve come\u00e7ar de imediato e que a doen\u00e7a n\u00e3o atinge s\u00f3 \u201cgrupos de risco\u201d como ainda est\u00e1 presente no imagin\u00e1rio das pessoas.<\/p>\n\n\n\n<p>\u201cA tuberculose \u00e9 uma doen\u00e7a muito presente, que carrega muitos r\u00f3tulos baseados em preconceitos e estigmas. A melhor forma de acabar com isso \u00e9, realmente, identificar e tratar quem est\u00e1 acometido. A doen\u00e7a pode acometer qualquer pessoa\u201d, afirma o especialista que explicou ainda que a doen\u00e7a tem cura, sendo o mais importante iniciar o tratamento assim que for diagnosticado e permanecer em uso da medica\u00e7\u00e3o pelo tempo necess\u00e1rio.<\/p>\n\n\n\n<figure class=\"wp-block-image\"><img decoding=\"async\" data-src=\"https:\/\/paraibaonline.com.br\/wp-content\/uploads\/2019\/11\/MEDICO-556x417.jpeg\" alt=\"Foto: Ascom\" class=\"wp-image-819655 lazyload\" src=\"data:image\/svg+xml;base64,PHN2ZyB3aWR0aD0iMSIgaGVpZ2h0PSIxIiB4bWxucz0iaHR0cDovL3d3dy53My5vcmcvMjAwMC9zdmciPjwvc3ZnPg==\" style=\"--smush-placeholder-width: 556px; --smush-placeholder-aspect-ratio: 556\/417;\" \/><\/figure>\n\n\n\n<p>Foto: Ascom<\/p>\n\n\n\n<p>Fernando Chagas esclarece que o diagn\u00f3stico \u00e9 dado pela an\u00e1lise do escarro.<\/p>\n\n\n\n<p>\u201cExiste um exame barato e r\u00e1pido chamado baciloscopia de escarro, na qual \u00e9 detectado na an\u00e1lise do escarro. O diagn\u00f3stico tamb\u00e9m pode ser feito pela biopsia e exames de imagem, como radiografia e tomografia computadorizada\u201d, elenca.<\/p>\n\n\n\n<p>A tuberculose pulmonar causa uma infec\u00e7\u00e3o que pode durar meses ou anos e vai destruindo, pouco a pouco, o pulm\u00e3o. O m\u00e9dico esclarece que os sintomas iniciais podem ser tosse prolongada, durando mais de 30 dias, que pode ser seca, mas na maioria das vezes \u00e9 produtiva, ou seja, com secre\u00e7\u00e3o.<\/p>\n\n\n\n<p>Surgimento de febre no final da tarde \u2013 esta tamb\u00e9m pode durar meses \u2013, perda de pesa, podendo o indiv\u00edduo perder 10 kg em seis meses ou at\u00e9 mais. Al\u00e9m de fraqueza e falta de apetite.<\/p>\n\n\n\n<p>Consequ\u00eancias \u2013 O m\u00e9dico infectologista Fernando Chagas destaca que a tuberculose acometendo os pulm\u00f5es pode deixar sequelas. Dentre as quais o risco de sangramento, destrui\u00e7\u00e3o do tecido pulmonar e cavita\u00e7\u00f5es nos pulm\u00f5es<\/p>\n\n\n\n<p>. \u201cTodos estes refletem uma vida de acompanhamento e cuidados do paciente com a sa\u00fade, porque fragiliza muito o sistema respirat\u00f3rio\u201d, afirma.<\/p>\n\n\n\n<p>Al\u00e9m disso, o especialista alerta: \u201cTodo paciente com tuberculose deve fazer o exame do HIV, porque a tuberculose \u00e9 ainda a doen\u00e7a que mais mata entre os portadores desse v\u00edrus\u201d, conclui.<\/p>\n","protected":false},"excerpt":{"rendered":"<p>Transmitida pelo ar por meio da tosse, a tuberculose, doen\u00e7a causada pelo microorganismo chamado Mycobacterium tuberculosis, tamb\u00e9m conhecido como bacilo de koch, fez tr\u00eas v\u00edtimas&hellip; <\/p>\n","protected":false},"author":1,"featured_media":136104,"comment_status":"closed","ping_status":"closed","sticky":false,"template":"","format":"standard","meta":{"sfsi_plus_gutenberg_text_before_share":"","sfsi_plus_gutenberg_show_text_before_share":"","sfsi_plus_gutenberg_icon_type":"","sfsi_plus_gutenberg_icon_alignemt":"","sfsi_plus_gutenburg_max_per_row":"","footnotes":""},"categories":[16],"tags":[],"class_list":["post-136102","post","type-post","status-publish","format-standard","has-post-thumbnail","hentry","category-saude"],"_links":{"self":[{"href":"https:\/\/www.caririemacao.com\/1\/wp-json\/wp\/v2\/posts\/136102","targetHints":{"allow":["GET"]}}],"collection":[{"href":"https:\/\/www.caririemacao.com\/1\/wp-json\/wp\/v2\/posts"}],"about":[{"href":"https:\/\/www.caririemacao.com\/1\/wp-json\/wp\/v2\/types\/post"}],"author":[{"embeddable":true,"href":"https:\/\/www.caririemacao.com\/1\/wp-json\/wp\/v2\/users\/1"}],"replies":[{"embeddable":true,"href":"https:\/\/www.caririemacao.com\/1\/wp-json\/wp\/v2\/comments?post=136102"}],"version-history":[{"count":1,"href":"https:\/\/www.caririemacao.com\/1\/wp-json\/wp\/v2\/posts\/136102\/revisions"}],"predecessor-version":[{"id":136105,"href":"https:\/\/www.caririemacao.com\/1\/wp-json\/wp\/v2\/posts\/136102\/revisions\/136105"}],"wp:featuredmedia":[{"embeddable":true,"href":"https:\/\/www.caririemacao.com\/1\/wp-json\/wp\/v2\/media\/136104"}],"wp:attachment":[{"href":"https:\/\/www.caririemacao.com\/1\/wp-json\/wp\/v2\/media?parent=136102"}],"wp:term":[{"taxonomy":"category","embeddable":true,"href":"https:\/\/www.caririemacao.com\/1\/wp-json\/wp\/v2\/categories?post=136102"},{"taxonomy":"post_tag","embeddable":true,"href":"https:\/\/www.caririemacao.com\/1\/wp-json\/wp\/v2\/tags?post=136102"}],"curies":[{"name":"wp","href":"https:\/\/api.w.org\/{rel}","templated":true}]}}