{"id":136110,"date":"2019-11-17T10:58:30","date_gmt":"2019-11-17T13:58:30","guid":{"rendered":"http:\/\/www.caririemacao.com\/1\/?p=136110"},"modified":"2019-11-17T10:58:30","modified_gmt":"2019-11-17T13:58:30","slug":"celulares-desatualizados-serao-bloqueados-na-pb","status":"publish","type":"post","link":"https:\/\/www.caririemacao.com\/1\/2019\/11\/17\/celulares-desatualizados-serao-bloqueados-na-pb\/","title":{"rendered":"Celulares desatualizados ser\u00e3o bloqueados na PB"},"content":{"rendered":"\n<p>Os celulares pr\u00e9-pagos da Para\u00edba que n\u00e3o tiverem cadastro atualizado ap\u00f3s terem sido notificados pelas operadores ser\u00e3o bloqueados nesta segunda-feira (17). A medida \u00e9 da Ag\u00eancia Nacional de Telecomunica\u00e7\u00f5es (Anatel) e vale tamb\u00e9m para outros 16 estados.<\/p>\n\n\n\n<p>De acordo com o \u00f3rg\u00e3o, menos de 1% dos 91 milh\u00f5es de celulares desses estados tem algum tipo de pend\u00eancia no cadastro.<\/p>\n\n\n\n<p>Nesta fase, a campanha \u00e9 direcionada aos consumidores com cadastros desatualizados pelas operadoras Algas, Claro, Oi, Sercomtel, Tim e Vivo.<\/p>\n\n\n\n<p>O objetivo, segundo a ag\u00eancia, \u00e9 garantir uma base cadastral \u201ccorreta e atualizada\u201d, a fim de evitar a ocorr\u00eancia de fraudes (linhas associadas indevidamente a CPFs) e, dessa forma, ampliar a seguran\u00e7a dos consumidores.<\/p>\n\n\n\n<p><strong>MaisPB<\/strong><\/p>\n","protected":false},"excerpt":{"rendered":"<p>Os celulares pr\u00e9-pagos da Para\u00edba que n\u00e3o tiverem cadastro atualizado ap\u00f3s terem sido notificados pelas operadores ser\u00e3o bloqueados nesta segunda-feira (17). A medida \u00e9 da&hellip; <\/p>\n","protected":false},"author":1,"featured_media":77476,"comment_status":"closed","ping_status":"closed","sticky":false,"template":"","format":"standard","meta":{"sfsi_plus_gutenberg_text_before_share":"","sfsi_plus_gutenberg_show_text_before_share":"","sfsi_plus_gutenberg_icon_type":"","sfsi_plus_gutenberg_icon_alignemt":"","sfsi_plus_gutenburg_max_per_row":"","footnotes":""},"categories":[2],"tags":[],"class_list":["post-136110","post","type-post","status-publish","format-standard","has-post-thumbnail","hentry","category-geral"],"_links":{"self":[{"href":"https:\/\/www.caririemacao.com\/1\/wp-json\/wp\/v2\/posts\/136110","targetHints":{"allow":["GET"]}}],"collection":[{"href":"https:\/\/www.caririemacao.com\/1\/wp-json\/wp\/v2\/posts"}],"about":[{"href":"https:\/\/www.caririemacao.com\/1\/wp-json\/wp\/v2\/types\/post"}],"author":[{"embeddable":true,"href":"https:\/\/www.caririemacao.com\/1\/wp-json\/wp\/v2\/users\/1"}],"replies":[{"embeddable":true,"href":"https:\/\/www.caririemacao.com\/1\/wp-json\/wp\/v2\/comments?post=136110"}],"version-history":[{"count":1,"href":"https:\/\/www.caririemacao.com\/1\/wp-json\/wp\/v2\/posts\/136110\/revisions"}],"predecessor-version":[{"id":136112,"href":"https:\/\/www.caririemacao.com\/1\/wp-json\/wp\/v2\/posts\/136110\/revisions\/136112"}],"wp:featuredmedia":[{"embeddable":true,"href":"https:\/\/www.caririemacao.com\/1\/wp-json\/wp\/v2\/media\/77476"}],"wp:attachment":[{"href":"https:\/\/www.caririemacao.com\/1\/wp-json\/wp\/v2\/media?parent=136110"}],"wp:term":[{"taxonomy":"category","embeddable":true,"href":"https:\/\/www.caririemacao.com\/1\/wp-json\/wp\/v2\/categories?post=136110"},{"taxonomy":"post_tag","embeddable":true,"href":"https:\/\/www.caririemacao.com\/1\/wp-json\/wp\/v2\/tags?post=136110"}],"curies":[{"name":"wp","href":"https:\/\/api.w.org\/{rel}","templated":true}]}}