{"id":136115,"date":"2019-11-17T11:03:53","date_gmt":"2019-11-17T14:03:53","guid":{"rendered":"http:\/\/www.caririemacao.com\/1\/?p=136115"},"modified":"2019-11-17T11:03:53","modified_gmt":"2019-11-17T14:03:53","slug":"reencontro-com-a-liberdade-diz-lula","status":"publish","type":"post","link":"https:\/\/www.caririemacao.com\/1\/2019\/11\/17\/reencontro-com-a-liberdade-diz-lula\/","title":{"rendered":"&#8220;Reencontro com a liberdade&#8221;, diz Lula"},"content":{"rendered":"\n<p>O ex-presidente Luiz In\u00e1cio Lula da Silva publicou uma imagem no Twitter neste domingo (17), com a legenda &#8220;Reencontro com a liberdade&#8221;.<\/p>\n\n\n\n<p>Na imagem publicada no Twitter, o ex-presidente est\u00e1 na \u00e1gua, de bra\u00e7os abertos. Confira abaixo:<\/p>\n\n\n\n<figure class=\"wp-block-image\"><img decoding=\"async\" data-src=\"https:\/\/www.clickpb.com.br\/media\/filer_public\/ae\/a5\/aea596e2-c4f1-4790-a6cd-15da4c6d945e\/screenshot_4.jpg\" alt=\"\" src=\"data:image\/svg+xml;base64,PHN2ZyB3aWR0aD0iMSIgaGVpZ2h0PSIxIiB4bWxucz0iaHR0cDovL3d3dy53My5vcmcvMjAwMC9zdmciPjwvc3ZnPg==\" class=\"lazyload\" \/><\/figure>\n\n\n\n<p>O ex-presidente esteve na Bahia deste a \u00faltima quinta-feira (14), onde permaneceu e participou de atos partid\u00e1rios desde que saiu da carceragem da Pol\u00edcia Federal, na \u00faltima sexta-feira (8).<\/p>\n\n\n\n<p>Neste domingo (17), ele participa do Festival Lula Livre, em Recife, capital de Pernambuco.<\/p>\n","protected":false},"excerpt":{"rendered":"<p>O ex-presidente Luiz In\u00e1cio Lula da Silva publicou uma imagem no Twitter neste domingo (17), com a legenda &#8220;Reencontro com a liberdade&#8221;. Na imagem publicada&hellip; <\/p>\n","protected":false},"author":1,"featured_media":136117,"comment_status":"closed","ping_status":"closed","sticky":false,"template":"","format":"standard","meta":{"sfsi_plus_gutenberg_text_before_share":"","sfsi_plus_gutenberg_show_text_before_share":"","sfsi_plus_gutenberg_icon_type":"","sfsi_plus_gutenberg_icon_alignemt":"","sfsi_plus_gutenburg_max_per_row":"","footnotes":""},"categories":[11],"tags":[],"class_list":["post-136115","post","type-post","status-publish","format-standard","has-post-thumbnail","hentry","category-politica"],"_links":{"self":[{"href":"https:\/\/www.caririemacao.com\/1\/wp-json\/wp\/v2\/posts\/136115","targetHints":{"allow":["GET"]}}],"collection":[{"href":"https:\/\/www.caririemacao.com\/1\/wp-json\/wp\/v2\/posts"}],"about":[{"href":"https:\/\/www.caririemacao.com\/1\/wp-json\/wp\/v2\/types\/post"}],"author":[{"embeddable":true,"href":"https:\/\/www.caririemacao.com\/1\/wp-json\/wp\/v2\/users\/1"}],"replies":[{"embeddable":true,"href":"https:\/\/www.caririemacao.com\/1\/wp-json\/wp\/v2\/comments?post=136115"}],"version-history":[{"count":1,"href":"https:\/\/www.caririemacao.com\/1\/wp-json\/wp\/v2\/posts\/136115\/revisions"}],"predecessor-version":[{"id":136118,"href":"https:\/\/www.caririemacao.com\/1\/wp-json\/wp\/v2\/posts\/136115\/revisions\/136118"}],"wp:featuredmedia":[{"embeddable":true,"href":"https:\/\/www.caririemacao.com\/1\/wp-json\/wp\/v2\/media\/136117"}],"wp:attachment":[{"href":"https:\/\/www.caririemacao.com\/1\/wp-json\/wp\/v2\/media?parent=136115"}],"wp:term":[{"taxonomy":"category","embeddable":true,"href":"https:\/\/www.caririemacao.com\/1\/wp-json\/wp\/v2\/categories?post=136115"},{"taxonomy":"post_tag","embeddable":true,"href":"https:\/\/www.caririemacao.com\/1\/wp-json\/wp\/v2\/tags?post=136115"}],"curies":[{"name":"wp","href":"https:\/\/api.w.org\/{rel}","templated":true}]}}