{"id":136125,"date":"2019-11-17T19:14:21","date_gmt":"2019-11-17T22:14:21","guid":{"rendered":"http:\/\/www.caririemacao.com\/1\/?p=136125"},"modified":"2019-11-17T19:14:21","modified_gmt":"2019-11-17T22:14:21","slug":"romero-rodrigues-visita-chega-das-aguas-da-transposicao-em-monteiro-nesta-segunda-18","status":"publish","type":"post","link":"https:\/\/www.caririemacao.com\/1\/2019\/11\/17\/romero-rodrigues-visita-chega-das-aguas-da-transposicao-em-monteiro-nesta-segunda-18\/","title":{"rendered":"Romero Rodrigues visita chega das \u00e1guas da Transposi\u00e7\u00e3o, em Monteiro, nesta segunda (18)"},"content":{"rendered":"\n<p>O prefeito de Campina Grande vai liderar uma comitiva, nesta segunda-feira (18), para visitar a chegada das \u00e1guas da Transposi\u00e7\u00e3o do Rio S\u00e3o Francisco, no eixo leste, na cidade de Monteiro.<\/p>\n\n\n\n<p>De acordo com o informa\u00e7\u00f5es do deputado estadual, Moacir Rodrigues, que tamb\u00e9m vai est\u00e1 na visita, informou que as \u00e1guas do Velho Chico tem previs\u00e3o de chegar em Monteiro, por volta do meio dia.<\/p>\n\n\n\n<p>Com o retorno do bombeamento da Transposi\u00e7\u00e3o, o a\u00e7ude de Boqueir\u00e3o, respons\u00e1vel pelo abastecimento de Campina Grande e outras 19 cidades, &nbsp;voltar\u00e1 receber \u00e1gua.<\/p>\n\n\n\n<p><strong>Blog do Bruno Lira<\/strong><\/p>\n","protected":false},"excerpt":{"rendered":"<p>O prefeito de Campina Grande vai liderar uma comitiva, nesta segunda-feira (18), para visitar a chegada das \u00e1guas da Transposi\u00e7\u00e3o do Rio S\u00e3o Francisco, no&hellip; <\/p>\n","protected":false},"author":1,"featured_media":136127,"comment_status":"closed","ping_status":"closed","sticky":false,"template":"","format":"standard","meta":{"sfsi_plus_gutenberg_text_before_share":"","sfsi_plus_gutenberg_show_text_before_share":"","sfsi_plus_gutenberg_icon_type":"","sfsi_plus_gutenberg_icon_alignemt":"","sfsi_plus_gutenburg_max_per_row":"","footnotes":""},"categories":[11],"tags":[],"class_list":["post-136125","post","type-post","status-publish","format-standard","has-post-thumbnail","hentry","category-politica"],"_links":{"self":[{"href":"https:\/\/www.caririemacao.com\/1\/wp-json\/wp\/v2\/posts\/136125","targetHints":{"allow":["GET"]}}],"collection":[{"href":"https:\/\/www.caririemacao.com\/1\/wp-json\/wp\/v2\/posts"}],"about":[{"href":"https:\/\/www.caririemacao.com\/1\/wp-json\/wp\/v2\/types\/post"}],"author":[{"embeddable":true,"href":"https:\/\/www.caririemacao.com\/1\/wp-json\/wp\/v2\/users\/1"}],"replies":[{"embeddable":true,"href":"https:\/\/www.caririemacao.com\/1\/wp-json\/wp\/v2\/comments?post=136125"}],"version-history":[{"count":1,"href":"https:\/\/www.caririemacao.com\/1\/wp-json\/wp\/v2\/posts\/136125\/revisions"}],"predecessor-version":[{"id":136128,"href":"https:\/\/www.caririemacao.com\/1\/wp-json\/wp\/v2\/posts\/136125\/revisions\/136128"}],"wp:featuredmedia":[{"embeddable":true,"href":"https:\/\/www.caririemacao.com\/1\/wp-json\/wp\/v2\/media\/136127"}],"wp:attachment":[{"href":"https:\/\/www.caririemacao.com\/1\/wp-json\/wp\/v2\/media?parent=136125"}],"wp:term":[{"taxonomy":"category","embeddable":true,"href":"https:\/\/www.caririemacao.com\/1\/wp-json\/wp\/v2\/categories?post=136125"},{"taxonomy":"post_tag","embeddable":true,"href":"https:\/\/www.caririemacao.com\/1\/wp-json\/wp\/v2\/tags?post=136125"}],"curies":[{"name":"wp","href":"https:\/\/api.w.org\/{rel}","templated":true}]}}