{"id":136136,"date":"2019-11-17T19:16:41","date_gmt":"2019-11-17T22:16:41","guid":{"rendered":"http:\/\/www.caririemacao.com\/1\/?p=136136"},"modified":"2019-11-17T19:16:41","modified_gmt":"2019-11-17T22:16:41","slug":"urgente-caririzeiro-morre-em-acidente-de-moto-proximo-a-santo-andre","status":"publish","type":"post","link":"https:\/\/www.caririemacao.com\/1\/2019\/11\/17\/urgente-caririzeiro-morre-em-acidente-de-moto-proximo-a-santo-andre\/","title":{"rendered":"URGENTE: Caririzeiro morre em acidente de moto pr\u00f3ximo \u00e0 Santo Andr\u00e9"},"content":{"rendered":"\n<p>Um acidente de moto ocorrido no in\u00edcio da noite deste domingo(17) deixou mais uma v\u00edtima fatal na regi\u00e3o do Cariri paraibano.<\/p>\n\n\n\n<p>O santo-andreense Pedro Soares, que \u00e9 agente de endemias, veio a \u00f3bito ap\u00f3s cair de moto na estrada que liga Santo Andr\u00e9 ao munic\u00edpio de Parari.<\/p>\n\n\n\n<p>Segundo Informa\u00e7\u00f5es, Pedro Soares estava vindo de Parari com destino a sua cidade, Santo Andr\u00e9, e no meio do caminho sobrou na estrada, vindo a \u00f3bito no local do acidente. Ainda n\u00e3o se sabe os reais motivos que teriam levado ao tr\u00e1gico acidente.<\/p>\n\n\n\n<p>Familiares e a popula\u00e7\u00e3o de Santo Andr\u00e9 est\u00e1 em estado de choque pela triste not\u00edcia, j\u00e1 que o jovem funcion\u00e1rio p\u00fablico Pedro Soares \u00e9 bem popular e querido por toda a popula\u00e7\u00e3o. O acidente ocorreu no mesmo local onde outra pessoa veio a \u00f3bito h\u00e1 poucos dias.<\/p>\n\n\n\n<p><strong>De Olho no Cariri<\/strong><\/p>\n","protected":false},"excerpt":{"rendered":"<p>Um acidente de moto ocorrido no in\u00edcio da noite deste domingo(17) deixou mais uma v\u00edtima fatal na regi\u00e3o do Cariri paraibano. O santo-andreense Pedro Soares,&hellip; <\/p>\n","protected":false},"author":1,"featured_media":136140,"comment_status":"closed","ping_status":"closed","sticky":false,"template":"","format":"standard","meta":{"sfsi_plus_gutenberg_text_before_share":"","sfsi_plus_gutenberg_show_text_before_share":"","sfsi_plus_gutenberg_icon_type":"","sfsi_plus_gutenberg_icon_alignemt":"","sfsi_plus_gutenburg_max_per_row":"","footnotes":""},"categories":[50,12],"tags":[],"class_list":["post-136136","post","type-post","status-publish","format-standard","has-post-thumbnail","hentry","category-destaque","category-policia"],"_links":{"self":[{"href":"https:\/\/www.caririemacao.com\/1\/wp-json\/wp\/v2\/posts\/136136","targetHints":{"allow":["GET"]}}],"collection":[{"href":"https:\/\/www.caririemacao.com\/1\/wp-json\/wp\/v2\/posts"}],"about":[{"href":"https:\/\/www.caririemacao.com\/1\/wp-json\/wp\/v2\/types\/post"}],"author":[{"embeddable":true,"href":"https:\/\/www.caririemacao.com\/1\/wp-json\/wp\/v2\/users\/1"}],"replies":[{"embeddable":true,"href":"https:\/\/www.caririemacao.com\/1\/wp-json\/wp\/v2\/comments?post=136136"}],"version-history":[{"count":1,"href":"https:\/\/www.caririemacao.com\/1\/wp-json\/wp\/v2\/posts\/136136\/revisions"}],"predecessor-version":[{"id":136141,"href":"https:\/\/www.caririemacao.com\/1\/wp-json\/wp\/v2\/posts\/136136\/revisions\/136141"}],"wp:featuredmedia":[{"embeddable":true,"href":"https:\/\/www.caririemacao.com\/1\/wp-json\/wp\/v2\/media\/136140"}],"wp:attachment":[{"href":"https:\/\/www.caririemacao.com\/1\/wp-json\/wp\/v2\/media?parent=136136"}],"wp:term":[{"taxonomy":"category","embeddable":true,"href":"https:\/\/www.caririemacao.com\/1\/wp-json\/wp\/v2\/categories?post=136136"},{"taxonomy":"post_tag","embeddable":true,"href":"https:\/\/www.caririemacao.com\/1\/wp-json\/wp\/v2\/tags?post=136136"}],"curies":[{"name":"wp","href":"https:\/\/api.w.org\/{rel}","templated":true}]}}