{"id":136147,"date":"2019-11-17T21:47:19","date_gmt":"2019-11-18T00:47:19","guid":{"rendered":"http:\/\/www.caririemacao.com\/1\/?p=136147"},"modified":"2019-11-17T21:48:56","modified_gmt":"2019-11-18T00:48:56","slug":"eden-duarte-lidera-pesquisa-para-prefeito-de-sume-em-2020","status":"publish","type":"post","link":"https:\/\/www.caririemacao.com\/1\/2019\/11\/17\/eden-duarte-lidera-pesquisa-para-prefeito-de-sume-em-2020\/","title":{"rendered":"\u00c9den Duarte lidera pesquisa para prefeito de Sum\u00e9 em 2020"},"content":{"rendered":"\n<div class=\"wp-block-image\"><figure class=\"aligncenter\"><img decoding=\"async\" data-src=\"http:\/\/noticiasemdestaque.com\/cd\/wp-content\/uploads\/2019\/11\/faixa-branca-de-jiu-jitsu-dicas-1080x400-1.jpg\" alt=\"\" class=\"wp-image-20695 lazyload\" src=\"data:image\/svg+xml;base64,PHN2ZyB3aWR0aD0iMSIgaGVpZ2h0PSIxIiB4bWxucz0iaHR0cDovL3d3dy53My5vcmcvMjAwMC9zdmciPjwvc3ZnPg==\" \/><\/figure><\/div>\n\n\n\n<p>Em pesquisa divulgada pelo <strong>Site Cariri em A\u00e7\u00e3o<\/strong> no \u00faltimo dia 11 de novembro de 2019, o prefeito \u00c9den Duarte, lidera a corrida para a Prefeitura de Sum\u00e9 em 2020.<\/p>\n\n\n\n<p>\u00c9den que j\u00e1 anunciou que ser\u00e1 candidato a reelei\u00e7\u00e3o tem 42%, o vereador Juan Pereira tem 25% e o ex-vereador Elias Freira tem 11%.<\/p>\n\n\n\n<div class=\"wp-block-image\"><figure class=\"aligncenter\"><a href=\"http:\/\/noticiasemdestaque.com\/cd\/wp-content\/uploads\/2019\/11\/Sum%C3%A9-Prefeito-estimulada-votaria.jpg\"><img decoding=\"async\" data-src=\"http:\/\/noticiasemdestaque.com\/cd\/wp-content\/uploads\/2019\/11\/Sum%C3%A9-Prefeito-estimulada-votaria.jpg\" alt=\"\" class=\"wp-image-20694 lazyload\" src=\"data:image\/svg+xml;base64,PHN2ZyB3aWR0aD0iMSIgaGVpZ2h0PSIxIiB4bWxucz0iaHR0cDovL3d3dy53My5vcmcvMjAwMC9zdmciPjwvc3ZnPg==\" \/><\/a><\/figure><\/div>\n\n\n\n<p><em><strong>Not\u00edcias em Destaque<\/strong><\/em><\/p>\n","protected":false},"excerpt":{"rendered":"<p>Em pesquisa divulgada pelo Site Cariri em A\u00e7\u00e3o no \u00faltimo dia 11 de novembro de 2019, o prefeito \u00c9den Duarte, lidera a corrida para a&hellip; <\/p>\n","protected":false},"author":1,"featured_media":54911,"comment_status":"closed","ping_status":"closed","sticky":false,"template":"","format":"standard","meta":{"sfsi_plus_gutenberg_text_before_share":"","sfsi_plus_gutenberg_show_text_before_share":"","sfsi_plus_gutenberg_icon_type":"","sfsi_plus_gutenberg_icon_alignemt":"","sfsi_plus_gutenburg_max_per_row":"","footnotes":""},"categories":[50,11],"tags":[],"class_list":["post-136147","post","type-post","status-publish","format-standard","has-post-thumbnail","hentry","category-destaque","category-politica"],"_links":{"self":[{"href":"https:\/\/www.caririemacao.com\/1\/wp-json\/wp\/v2\/posts\/136147","targetHints":{"allow":["GET"]}}],"collection":[{"href":"https:\/\/www.caririemacao.com\/1\/wp-json\/wp\/v2\/posts"}],"about":[{"href":"https:\/\/www.caririemacao.com\/1\/wp-json\/wp\/v2\/types\/post"}],"author":[{"embeddable":true,"href":"https:\/\/www.caririemacao.com\/1\/wp-json\/wp\/v2\/users\/1"}],"replies":[{"embeddable":true,"href":"https:\/\/www.caririemacao.com\/1\/wp-json\/wp\/v2\/comments?post=136147"}],"version-history":[{"count":1,"href":"https:\/\/www.caririemacao.com\/1\/wp-json\/wp\/v2\/posts\/136147\/revisions"}],"predecessor-version":[{"id":136150,"href":"https:\/\/www.caririemacao.com\/1\/wp-json\/wp\/v2\/posts\/136147\/revisions\/136150"}],"wp:featuredmedia":[{"embeddable":true,"href":"https:\/\/www.caririemacao.com\/1\/wp-json\/wp\/v2\/media\/54911"}],"wp:attachment":[{"href":"https:\/\/www.caririemacao.com\/1\/wp-json\/wp\/v2\/media?parent=136147"}],"wp:term":[{"taxonomy":"category","embeddable":true,"href":"https:\/\/www.caririemacao.com\/1\/wp-json\/wp\/v2\/categories?post=136147"},{"taxonomy":"post_tag","embeddable":true,"href":"https:\/\/www.caririemacao.com\/1\/wp-json\/wp\/v2\/tags?post=136147"}],"curies":[{"name":"wp","href":"https:\/\/api.w.org\/{rel}","templated":true}]}}