{"id":136164,"date":"2019-11-18T07:59:41","date_gmt":"2019-11-18T10:59:41","guid":{"rendered":"http:\/\/www.caririemacao.com\/1\/?p=136164"},"modified":"2019-11-18T07:59:41","modified_gmt":"2019-11-18T10:59:41","slug":"adultos-entre-20-a-29-anos-podem-se-vacinar-contra-o-sarampo-a-partir-desta-segunda","status":"publish","type":"post","link":"https:\/\/www.caririemacao.com\/1\/2019\/11\/18\/adultos-entre-20-a-29-anos-podem-se-vacinar-contra-o-sarampo-a-partir-desta-segunda\/","title":{"rendered":"Adultos entre 20 a 29 anos podem se vacinar contra o sarampo a partir desta segunda"},"content":{"rendered":"\n<p>Nesta&nbsp;segunda-feira (18), ter\u00e1 in\u00edcio a segunda etapa da Campanha de Vacina\u00e7\u00e3o contra o Sarampo, que segue at\u00e9 o dia 30, quando acontecer\u00e1 o Dia D.&nbsp;Ser\u00e3o vacinadas as pessoas com idade entre 20 e 29 anos.<\/p>\n\n\n\n<p>A meta de 95% de vacina\u00e7\u00e3o estabelecida pelo Minist\u00e9rio da Sa\u00fade,&nbsp;para crian\u00e7as com idade de um ano, foi atingida na capital paraibana.&nbsp;<\/p>\n\n\n\n<p>Em 2019 j\u00e1&nbsp;foram administradas&nbsp;47.631 doses da vacina tr\u00edplice viral, que tamb\u00e9m combate contra caxumba e rub\u00e9ola.<\/p>\n\n\n\n<p>Segundo boletim epidemiol\u00f3gico do Minist\u00e9rio da Sa\u00fade (MS), divulgado no dia 7 de novembro, em 2019, foram notificados 49.613 casos suspeitos de sarampo no Brasil. Desses, foram confirmados 10.429 (21,0%) casos, sendo 8.235 (79,0%) por crit\u00e9rio laboratorial e 2.194 (21,0%) por crit\u00e9rio cl\u00ednico epidemiol\u00f3gico. Foram descartados 19.647 (39,6%) casos e permanecem em investiga\u00e7\u00e3o 19.537 (39,4%).<\/p>\n\n\n\n<p>Em Jo\u00e3o Pessoa houve casos de sarampo nos anos de 2010, 2013 e 2019. Em 2010 foram 50 casos confirmados e 2013, seis casos da doen\u00e7a. J\u00e1 em 2019 foram notificados 84 casos suspeitos, com 13 (15,47%) confirmados, com amostras positivas no Laborat\u00f3rio Central de Sa\u00fade P\u00fablica da Para\u00edba e Laborat\u00f3rio de refer\u00eancia nacional \u2013 FIOCRUZ). Sendo, um caso para crian\u00e7as menor de um ano; dois casos com idades de um a quatro anos; dez casos entre a faixa et\u00e1ria de 15 a 49 anos.<\/p>\n\n\n\n<p>Tamb\u00e9m devem tomar a vacina: As crian\u00e7as de seis meses a 11 meses devem tomar a chamada \u2018dose zero\u2019. Com 12 meses a crian\u00e7a ir\u00e1 tomar a tr\u00edplice viral e com 15 meses a tetra viral. Crian\u00e7as menores de 5 anos (4 anos 11 meses e 29 dias), ter\u00e3o o cart\u00e3o de vacinas atualizado e ser\u00e1 ofertado a vacina conforme situa\u00e7\u00e3o vacinal encontrada. Caso a pessoa comprove as duas doses, n\u00e3o \u00e9 necess\u00e1rio tomar nenhuma a mais, j\u00e1 sendo considerada imunizada.<\/p>\n","protected":false},"excerpt":{"rendered":"<p>Nesta&nbsp;segunda-feira (18), ter\u00e1 in\u00edcio a segunda etapa da Campanha de Vacina\u00e7\u00e3o contra o Sarampo, que segue at\u00e9 o dia 30, quando acontecer\u00e1 o Dia D.&nbsp;Ser\u00e3o&hellip; <\/p>\n","protected":false},"author":1,"featured_media":136165,"comment_status":"closed","ping_status":"closed","sticky":false,"template":"","format":"standard","meta":{"sfsi_plus_gutenberg_text_before_share":"","sfsi_plus_gutenberg_show_text_before_share":"","sfsi_plus_gutenberg_icon_type":"","sfsi_plus_gutenberg_icon_alignemt":"","sfsi_plus_gutenburg_max_per_row":"","footnotes":""},"categories":[16],"tags":[],"class_list":["post-136164","post","type-post","status-publish","format-standard","has-post-thumbnail","hentry","category-saude"],"_links":{"self":[{"href":"https:\/\/www.caririemacao.com\/1\/wp-json\/wp\/v2\/posts\/136164","targetHints":{"allow":["GET"]}}],"collection":[{"href":"https:\/\/www.caririemacao.com\/1\/wp-json\/wp\/v2\/posts"}],"about":[{"href":"https:\/\/www.caririemacao.com\/1\/wp-json\/wp\/v2\/types\/post"}],"author":[{"embeddable":true,"href":"https:\/\/www.caririemacao.com\/1\/wp-json\/wp\/v2\/users\/1"}],"replies":[{"embeddable":true,"href":"https:\/\/www.caririemacao.com\/1\/wp-json\/wp\/v2\/comments?post=136164"}],"version-history":[{"count":1,"href":"https:\/\/www.caririemacao.com\/1\/wp-json\/wp\/v2\/posts\/136164\/revisions"}],"predecessor-version":[{"id":136166,"href":"https:\/\/www.caririemacao.com\/1\/wp-json\/wp\/v2\/posts\/136164\/revisions\/136166"}],"wp:featuredmedia":[{"embeddable":true,"href":"https:\/\/www.caririemacao.com\/1\/wp-json\/wp\/v2\/media\/136165"}],"wp:attachment":[{"href":"https:\/\/www.caririemacao.com\/1\/wp-json\/wp\/v2\/media?parent=136164"}],"wp:term":[{"taxonomy":"category","embeddable":true,"href":"https:\/\/www.caririemacao.com\/1\/wp-json\/wp\/v2\/categories?post=136164"},{"taxonomy":"post_tag","embeddable":true,"href":"https:\/\/www.caririemacao.com\/1\/wp-json\/wp\/v2\/tags?post=136164"}],"curies":[{"name":"wp","href":"https:\/\/api.w.org\/{rel}","templated":true}]}}