{"id":136186,"date":"2019-11-18T08:07:30","date_gmt":"2019-11-18T11:07:30","guid":{"rendered":"http:\/\/www.caririemacao.com\/1\/?p=136186"},"modified":"2019-11-18T08:07:30","modified_gmt":"2019-11-18T11:07:30","slug":"criminosos-tentam-lucrar-com-cachorro-que-nasceu-com-rabo-na-testa","status":"publish","type":"post","link":"https:\/\/www.caririemacao.com\/1\/2019\/11\/18\/criminosos-tentam-lucrar-com-cachorro-que-nasceu-com-rabo-na-testa\/","title":{"rendered":"Criminosos tentam lucrar com cachorro que nasceu com rabo na testa"},"content":{"rendered":"\n<p>A hist\u00f3ria do pequeno c\u00e3o que viralizou nas redes sociais essa semana acaba de ganhar novos capitulos. Narwhal, nome que recebeu no centro de prote\u00e7\u00e3o animal pelo qual foi resgatado, tamb\u00e9m tem despertado o interesse de golpistas online.<br><\/p>\n\n\n\n<p>De acordo com o TMZ,&nbsp; criminosos come\u00e7aram a surgir querendo roubar dinheiro das pessoas que se sensibilizaram com o caso, e que est\u00e3o dispostas a ajudar com as despesas m\u00e9dicas do cachorro.&nbsp;<\/p>\n\n\n\n<p>Rochelle Steffen, fundadora do abrigo, conta que desde que Narwhal viralizou, o centro de prote\u00e7\u00e3o conseguiu monitorar centenas de contas banc\u00e1rias falsas surgindo ao redor das redes sociais. Tais informa\u00e7\u00f5es aparecem sincronizadas \u00e0 campanhas no Facebook e Instagram pedindo por doa\u00e7\u00f5es.&nbsp;<\/p>\n\n\n\n<p>Para facilitar e evitar que pessoas sejam enganadas, a &#8216;Mac&#8217;s Mission Animal Rescue&#8217; localizada em Jackson, Missouri &#8211; local onde Narwhal aguarda por algu\u00e9m que queira adot\u00e1-lo &#8211; criou um link oficial para contribui\u00e7\u00f5es em sua pr\u00f3pria p\u00e1gina do Facebook. A campanha j\u00e1 conseguiu arrecadar, aproximadamente, dois mil dol\u00e1res.&nbsp;<\/p>\n\n\n\n<p>O filhote de cachorro que nasceu com um rabo &#8220;extra&#8221; na testa, com apenas 10 semanas de vida foi abandonado nas ruas do estado de Missouri, nos Estados Unidos. Segundo o veterin\u00e1rio que atendeu o c\u00e3o, n\u00e3o \u00e9 necess\u00e1rio remover o rabo extra, j\u00e1 que ele n\u00e3o causa qualquer dor ao animal.&nbsp;<\/p>\n","protected":false},"excerpt":{"rendered":"<p>A hist\u00f3ria do pequeno c\u00e3o que viralizou nas redes sociais essa semana acaba de ganhar novos capitulos. Narwhal, nome que recebeu no centro de prote\u00e7\u00e3o&hellip; <\/p>\n","protected":false},"author":1,"featured_media":136187,"comment_status":"closed","ping_status":"closed","sticky":false,"template":"","format":"standard","meta":{"sfsi_plus_gutenberg_text_before_share":"","sfsi_plus_gutenberg_show_text_before_share":"","sfsi_plus_gutenberg_icon_type":"","sfsi_plus_gutenberg_icon_alignemt":"","sfsi_plus_gutenburg_max_per_row":"","footnotes":""},"categories":[12],"tags":[],"class_list":["post-136186","post","type-post","status-publish","format-standard","has-post-thumbnail","hentry","category-policia"],"_links":{"self":[{"href":"https:\/\/www.caririemacao.com\/1\/wp-json\/wp\/v2\/posts\/136186","targetHints":{"allow":["GET"]}}],"collection":[{"href":"https:\/\/www.caririemacao.com\/1\/wp-json\/wp\/v2\/posts"}],"about":[{"href":"https:\/\/www.caririemacao.com\/1\/wp-json\/wp\/v2\/types\/post"}],"author":[{"embeddable":true,"href":"https:\/\/www.caririemacao.com\/1\/wp-json\/wp\/v2\/users\/1"}],"replies":[{"embeddable":true,"href":"https:\/\/www.caririemacao.com\/1\/wp-json\/wp\/v2\/comments?post=136186"}],"version-history":[{"count":1,"href":"https:\/\/www.caririemacao.com\/1\/wp-json\/wp\/v2\/posts\/136186\/revisions"}],"predecessor-version":[{"id":136188,"href":"https:\/\/www.caririemacao.com\/1\/wp-json\/wp\/v2\/posts\/136186\/revisions\/136188"}],"wp:featuredmedia":[{"embeddable":true,"href":"https:\/\/www.caririemacao.com\/1\/wp-json\/wp\/v2\/media\/136187"}],"wp:attachment":[{"href":"https:\/\/www.caririemacao.com\/1\/wp-json\/wp\/v2\/media?parent=136186"}],"wp:term":[{"taxonomy":"category","embeddable":true,"href":"https:\/\/www.caririemacao.com\/1\/wp-json\/wp\/v2\/categories?post=136186"},{"taxonomy":"post_tag","embeddable":true,"href":"https:\/\/www.caririemacao.com\/1\/wp-json\/wp\/v2\/tags?post=136186"}],"curies":[{"name":"wp","href":"https:\/\/api.w.org\/{rel}","templated":true}]}}