{"id":136191,"date":"2019-11-18T08:09:18","date_gmt":"2019-11-18T11:09:18","guid":{"rendered":"http:\/\/www.caririemacao.com\/1\/?p=136191"},"modified":"2019-11-18T08:09:18","modified_gmt":"2019-11-18T11:09:18","slug":"lula-ataca-a-lava-jato-e-diz-nao-ser-pombo-correio-para-usar-tornozeleira-eletronica","status":"publish","type":"post","link":"https:\/\/www.caririemacao.com\/1\/2019\/11\/18\/lula-ataca-a-lava-jato-e-diz-nao-ser-pombo-correio-para-usar-tornozeleira-eletronica\/","title":{"rendered":"Lula ataca a Lava Jato e diz n\u00e3o ser pombo-correio para usar tornozeleira eletr\u00f4nica"},"content":{"rendered":"\n<p>&nbsp;Em discurso diante de milhares de pessoas no in\u00edcio da noite deste domingo (17) no Recife, o ex-presidente Luiz In\u00e1cio Lula da Silva (PT) disse que jamais aceitaria usar tornozeleira eletr\u00f4nica para progredir do regime fechado para o semiaberto, o que foi sugerido pelo Minist\u00e9rio P\u00fablico Federal.<\/p>\n\n\n\n<p>&#8220;Primeiro eu disse para eles que a minha casa n\u00e3o \u00e9 uma pris\u00e3o. A minha casa \u00e9 meu lugar de liberdade. Segundo que a minha canela n\u00e3o \u00e9 canela de pombo e eu n\u00e3o sou pombo-correio para colocar tornozeleira&#8221;, disse o petista.<\/p>\n\n\n\n<p>&#8220;N\u00e3o aceito negocia\u00e7\u00e3o. Eu quero a minha inoc\u00eancia, eu n\u00e3o quero privil\u00e9gio. Eu quero que julguem o meu processo&#8221;, disse o ex-presidente, em uma refer\u00eancia \u00e0 poss\u00edvel suspei\u00e7\u00e3o do ex-juiz Sergio Moro, hoje ministro da Justi\u00e7a, a ser analisada pelo STF (Supremo Tribunal Federal).<\/p>\n\n\n\n<figure><iframe data-src=\"https:\/\/www.facebook.com\/plugins\/video.php?href=https%3A%2F%2Fwww.facebook.com%2FLula%2Fvideos%2F595944674493541%2F&amp;show_text=0&amp;width=560\" width=\"560\" height=\"315\" allowfullscreen=\"true\" src=\"data:image\/svg+xml;base64,PHN2ZyB3aWR0aD0iMSIgaGVpZ2h0PSIxIiB4bWxucz0iaHR0cDovL3d3dy53My5vcmcvMjAwMC9zdmciPjwvc3ZnPg==\" class=\"lazyload\" data-load-mode=\"1\"><\/iframe><\/figure>\n\n\n\n<p>O ex-presidente Lula, no Recife Adriano Machado\/Reuters O ex-presidente Lula, no Recife&nbsp; &nbsp; &nbsp; Se o Supremo votar pela suspei\u00e7\u00e3o de Moro, a condena\u00e7\u00e3o do ex-presidente no caso do tr\u00edplex pode ser anulada.<\/p>\n\n\n\n<p>Ap\u00f3s 580 dias preso na Pol\u00edcia Federal em Curitiba,Lula foi solto no in\u00edcio de novembro, beneficiado por um novo entendimento do STF (Supremo Tribunal Federal) segundo o qual a pris\u00e3o de condenados somente deve ocorrer ap\u00f3s o fim de todos os recursos.<\/p>\n\n\n\n<p>O petista, por\u00e9m, segue enquadrado na Lei da Ficha Limpa, impedido de disputar elei\u00e7\u00f5es, justamente pela condena\u00e7\u00e3o no caso tr\u00edplex.<\/p>\n\n\n\n<p>Lula voltou a atacar Moro, o procurador Deltan Dallagnol e o presidente Jair Bolsonaro. &#8220;Eles est\u00e3o destruindo o pa\u00eds em nome do que?&#8221;, afirmou e completou: &#8220;Eles est\u00e3o fomentando a mil\u00edcia em nome do que neste pa\u00eds?&#8221;<\/p>\n\n\n\n<p>O evento no Recife teve in\u00edcio \u00e0s 12h. Mais de 50 artistas se apresentaram no palco montado na pra\u00e7a Nossa Senhora do Carmo, no centro do Recife, local hist\u00f3rico de encontros da esquerda recifense.<\/p>\n\n\n\n<p>Entre um show e outro, os apoiadores do ex-presidente entoavam em coro m\u00fasicas que embalaram campanhas eleitorais do petista. Gritos contra o presidente da Rep\u00fablica, Jair Bolsonaro, se repetiam nos intervalos. A Pol\u00edcia Militar n\u00e3o informou a estimativa oficial de p\u00fablico. No microfone, o apresentador do evento falava em 200 mil pessoas.<\/p>\n\n\n\n<p>&#8220;Cheguei \u00e0s 11h para pegar o melhor lugar. N\u00e3o me importo com o sol. Esperei Lula sair da pris\u00e3o como se espera um filho&#8221;, disse a agricultora Luisa Santos Bonif\u00e1cio, 55.<\/p>\n\n\n\n<p>Quando o locutor anunciou que o ex-presidente j\u00e1 havia chegado, a multid\u00e3o deu um &#8220;boa noite, Lula&#8221;.<\/p>\n\n\n\n<p>Antes de seguir para o centro da cidade, Lula se encontrou em um hotel com o prefeito Geraldo Julio (PSB), o deputado federal Jo\u00e3o Campos (PSB) e Renata Campos, vi\u00fava do ex-governador Eduardo Campos.<\/p>\n\n\n\n<p>Os tr\u00eas apoiaram A\u00e9cio Neves em 2014 e o impeachment da ex-presidente Dilma Rousseff (PT). Nas elei\u00e7\u00f5es de 2018, apoiaram o candidato Fernando Haddad (PT).<\/p>\n\n\n\n<p>Ap\u00f3s o discurso, Lula segue para um jantar na casa da deputada federal Mar\u00edlia Arraes (PT), que teve a candidatura ao governo de Pernambuco retirada nas elei\u00e7\u00f5es passadas ap\u00f3s o petista conseguir neutralidade do PSB no primeiro turno da disputa presidencial.<\/p>\n\n\n\n<p>Lula permaneceu preso de 7 abril de 2018 a 08 de novembro de 2019 em uma cela especial da Superintend\u00eancia da Pol\u00edcia Federal, em Curitiba. O local tinha 15 metros quadrados, com banheiro, e ficava isolado no \u00faltimo andar do pr\u00e9dio. Ele n\u00e3o teve contato com outros presos, que ficavam na carceragem, no primeiro andar.<\/p>\n\n\n\n<p>Lula foi condenado em primeira, segunda e terceira inst\u00e2ncias sob a acusa\u00e7\u00e3o de aceitar reformas e a propriedade de um tr\u00edplex, em Guaruj\u00e1, como propina paga pela empreiteira OAS em troca de contrato com a Petrobras, o que ele sempre negou.<\/p>\n\n\n\n<p>A pena do ex-presidente foi definida pelo Superior Tribunal de Justi\u00e7a em 8 anos, 10 meses e 20 dias, mas o caso ainda tem recursos pendentes nessa inst\u00e2ncia e, depois, pode ser remetido para o STF.<\/p>\n\n\n\n<p>Nessa condena\u00e7\u00e3o, Lula j\u00e1 havia atingido em setembro a marca de um sexto de cumprimento da pena imposta pelo STJ. Por isso, mesmo antes da recente decis\u00e3o do Supremo, ele j\u00e1 reunia condi\u00e7\u00f5es para deixar o regime fechado de pris\u00e3o.<\/p>\n\n\n\n<p>Nas pr\u00f3xima semanas, por\u00e9m, o Supremo pode anular todo esse processo do tr\u00edplex, sob o argumento de que o juiz respons\u00e1vel pela condena\u00e7\u00e3o, o hoje ministro Sergio Moro, n\u00e3o tinha a imparcialidade necess\u00e1ria para julgar o petista. N\u00e3o h\u00e1 data marcada para que esse pedido da defesa do ex-presidente seja analisado.<\/p>\n\n\n\n<p>Al\u00e9m do caso tr\u00edplex, Lula foi condenado em primeira inst\u00e2ncia a 12 anos e 11 meses de pris\u00e3o por corrup\u00e7\u00e3o e lavagem no caso do s\u00edtio de Atibaia (SP). O ex-presidente ainda \u00e9 r\u00e9u em outros processos na Justi\u00e7a Federal em S\u00e3o Paulo, Curitiba e Bras\u00edlia. Com exce\u00e7\u00e3o de um dos casos, relativo \u00e0 Odebrecht no Paran\u00e1, as demais a\u00e7\u00f5es n\u00e3o t\u00eam perspectiva de serem sentenciadas em breve.<\/p>\n","protected":false},"excerpt":{"rendered":"<p>&nbsp;Em discurso diante de milhares de pessoas no in\u00edcio da noite deste domingo (17) no Recife, o ex-presidente Luiz In\u00e1cio Lula da Silva (PT) disse&hellip; <\/p>\n","protected":false},"author":1,"featured_media":136192,"comment_status":"closed","ping_status":"closed","sticky":false,"template":"","format":"standard","meta":{"sfsi_plus_gutenberg_text_before_share":"","sfsi_plus_gutenberg_show_text_before_share":"","sfsi_plus_gutenberg_icon_type":"","sfsi_plus_gutenberg_icon_alignemt":"","sfsi_plus_gutenburg_max_per_row":"","footnotes":""},"categories":[11],"tags":[],"class_list":["post-136191","post","type-post","status-publish","format-standard","has-post-thumbnail","hentry","category-politica"],"_links":{"self":[{"href":"https:\/\/www.caririemacao.com\/1\/wp-json\/wp\/v2\/posts\/136191","targetHints":{"allow":["GET"]}}],"collection":[{"href":"https:\/\/www.caririemacao.com\/1\/wp-json\/wp\/v2\/posts"}],"about":[{"href":"https:\/\/www.caririemacao.com\/1\/wp-json\/wp\/v2\/types\/post"}],"author":[{"embeddable":true,"href":"https:\/\/www.caririemacao.com\/1\/wp-json\/wp\/v2\/users\/1"}],"replies":[{"embeddable":true,"href":"https:\/\/www.caririemacao.com\/1\/wp-json\/wp\/v2\/comments?post=136191"}],"version-history":[{"count":1,"href":"https:\/\/www.caririemacao.com\/1\/wp-json\/wp\/v2\/posts\/136191\/revisions"}],"predecessor-version":[{"id":136193,"href":"https:\/\/www.caririemacao.com\/1\/wp-json\/wp\/v2\/posts\/136191\/revisions\/136193"}],"wp:featuredmedia":[{"embeddable":true,"href":"https:\/\/www.caririemacao.com\/1\/wp-json\/wp\/v2\/media\/136192"}],"wp:attachment":[{"href":"https:\/\/www.caririemacao.com\/1\/wp-json\/wp\/v2\/media?parent=136191"}],"wp:term":[{"taxonomy":"category","embeddable":true,"href":"https:\/\/www.caririemacao.com\/1\/wp-json\/wp\/v2\/categories?post=136191"},{"taxonomy":"post_tag","embeddable":true,"href":"https:\/\/www.caririemacao.com\/1\/wp-json\/wp\/v2\/tags?post=136191"}],"curies":[{"name":"wp","href":"https:\/\/api.w.org\/{rel}","templated":true}]}}