{"id":136207,"date":"2019-11-18T08:17:30","date_gmt":"2019-11-18T11:17:30","guid":{"rendered":"http:\/\/www.caririemacao.com\/1\/?p=136207"},"modified":"2019-11-18T08:17:30","modified_gmt":"2019-11-18T11:17:30","slug":"mais-de-21-mil-alunos-vao-disputar-premio-da-capes","status":"publish","type":"post","link":"https:\/\/www.caririemacao.com\/1\/2019\/11\/18\/mais-de-21-mil-alunos-vao-disputar-premio-da-capes\/","title":{"rendered":"Mais de 21 mil alunos v\u00e3o disputar pr\u00eamio da Capes"},"content":{"rendered":"\n<p>No dia 8 de dezembro, 21.416 alunos de todo o Brasil v\u00e3o disputar o 1\u00ba Pr\u00eamio Capes Talento Universit\u00e1rio. Ser\u00e3o R$ 5 milh\u00f5es distribu\u00eddos para os mil primeiros colocados, que receber\u00e3o R$ 5 mil cada. A Capes \u00e9 a&nbsp;Coordena\u00e7\u00e3o de Aperfei\u00e7oamento de Pessoal de N\u00edvel Superior.A prova, de 80 quest\u00f5es de conhecimentos gerais, vai ser aplicada em 60 munic\u00edpios das 27 unidades da Federa\u00e7\u00e3o, das 14h30 \u00e0s 18h30.<\/p>\n\n\n\n<p>A lista das localidades ser\u00e1 divulgada no pr\u00f3ximo dia 27.<\/p>\n\n\n\n<p>Segundo a Capes, o pr\u00eamio&nbsp;vai \u201creconhecer o desempenho de estudantes com compet\u00eancias cognitivas de destaque e subsidiar estudos e pesquisas que reflitam nas atividades da institui\u00e7\u00e3o\u201d.<\/p>\n\n\n\n<p>Para participar, os concorrentes precisam&nbsp;ter&nbsp;feito o Exame Nacional do Ensino M\u00e9dio (Enem), nos anos de 2017 e 2018, e come\u00e7ado a gradua\u00e7\u00e3o em 2019, em institui\u00e7\u00f5es de ensino superior p\u00fablicas, privadas ou militares.<\/p>\n","protected":false},"excerpt":{"rendered":"<p>No dia 8 de dezembro, 21.416 alunos de todo o Brasil v\u00e3o disputar o 1\u00ba Pr\u00eamio Capes Talento Universit\u00e1rio. Ser\u00e3o R$ 5 milh\u00f5es distribu\u00eddos para&hellip; <\/p>\n","protected":false},"author":1,"featured_media":35528,"comment_status":"closed","ping_status":"closed","sticky":false,"template":"","format":"standard","meta":{"sfsi_plus_gutenberg_text_before_share":"","sfsi_plus_gutenberg_show_text_before_share":"","sfsi_plus_gutenberg_icon_type":"","sfsi_plus_gutenberg_icon_alignemt":"","sfsi_plus_gutenburg_max_per_row":"","footnotes":""},"categories":[14],"tags":[],"class_list":["post-136207","post","type-post","status-publish","format-standard","has-post-thumbnail","hentry","category-educacao"],"_links":{"self":[{"href":"https:\/\/www.caririemacao.com\/1\/wp-json\/wp\/v2\/posts\/136207","targetHints":{"allow":["GET"]}}],"collection":[{"href":"https:\/\/www.caririemacao.com\/1\/wp-json\/wp\/v2\/posts"}],"about":[{"href":"https:\/\/www.caririemacao.com\/1\/wp-json\/wp\/v2\/types\/post"}],"author":[{"embeddable":true,"href":"https:\/\/www.caririemacao.com\/1\/wp-json\/wp\/v2\/users\/1"}],"replies":[{"embeddable":true,"href":"https:\/\/www.caririemacao.com\/1\/wp-json\/wp\/v2\/comments?post=136207"}],"version-history":[{"count":1,"href":"https:\/\/www.caririemacao.com\/1\/wp-json\/wp\/v2\/posts\/136207\/revisions"}],"predecessor-version":[{"id":136208,"href":"https:\/\/www.caririemacao.com\/1\/wp-json\/wp\/v2\/posts\/136207\/revisions\/136208"}],"wp:featuredmedia":[{"embeddable":true,"href":"https:\/\/www.caririemacao.com\/1\/wp-json\/wp\/v2\/media\/35528"}],"wp:attachment":[{"href":"https:\/\/www.caririemacao.com\/1\/wp-json\/wp\/v2\/media?parent=136207"}],"wp:term":[{"taxonomy":"category","embeddable":true,"href":"https:\/\/www.caririemacao.com\/1\/wp-json\/wp\/v2\/categories?post=136207"},{"taxonomy":"post_tag","embeddable":true,"href":"https:\/\/www.caririemacao.com\/1\/wp-json\/wp\/v2\/tags?post=136207"}],"curies":[{"name":"wp","href":"https:\/\/api.w.org\/{rel}","templated":true}]}}