{"id":136223,"date":"2019-11-18T08:23:23","date_gmt":"2019-11-18T11:23:23","guid":{"rendered":"http:\/\/www.caririemacao.com\/1\/?p=136223"},"modified":"2019-11-18T08:23:23","modified_gmt":"2019-11-18T11:23:23","slug":"previsao-do-tempo-para-esta-segunda-feira-em-toda-paraiba-25","status":"publish","type":"post","link":"https:\/\/www.caririemacao.com\/1\/2019\/11\/18\/previsao-do-tempo-para-esta-segunda-feira-em-toda-paraiba-25\/","title":{"rendered":"Previs\u00e3o do tempo para esta segunda-feira em toda Para\u00edba"},"content":{"rendered":"\n<p>Mant\u00e9m-se ligeiro aumento da nebulosidade sobre o setor leste paraibano. Mesmo assim, n\u00e3o h\u00e1 previs\u00e3o da ocorr\u00eancia de chuvas relevantes no per\u00edodo. As temperaturas continuam elevadas, especialmente nas regi\u00f5es do Sert\u00e3o e Alto Sert\u00e3o.<\/p>\n\n\n\n<div class=\"wp-block-image\"><figure class=\"aligncenter\"><img decoding=\"async\" data-src=\"https:\/\/paraibaonline.com.br\/wp-content\/uploads\/2019\/11\/tempo1811.jpg\" alt=\"\" class=\"wp-image-819790 lazyload\" src=\"data:image\/svg+xml;base64,PHN2ZyB3aWR0aD0iMSIgaGVpZ2h0PSIxIiB4bWxucz0iaHR0cDovL3d3dy53My5vcmcvMjAwMC9zdmciPjwvc3ZnPg==\" \/><\/figure><\/div>\n\n\n\n<p>*Fonte: Aesa<\/p>\n","protected":false},"excerpt":{"rendered":"<p>Mant\u00e9m-se ligeiro aumento da nebulosidade sobre o setor leste paraibano. Mesmo assim, n\u00e3o h\u00e1 previs\u00e3o da ocorr\u00eancia de chuvas relevantes no per\u00edodo. As temperaturas continuam&hellip; <\/p>\n","protected":false},"author":1,"featured_media":60945,"comment_status":"closed","ping_status":"closed","sticky":false,"template":"","format":"standard","meta":{"sfsi_plus_gutenberg_text_before_share":"","sfsi_plus_gutenberg_show_text_before_share":"","sfsi_plus_gutenberg_icon_type":"","sfsi_plus_gutenberg_icon_alignemt":"","sfsi_plus_gutenburg_max_per_row":"","footnotes":""},"categories":[6],"tags":[],"class_list":["post-136223","post","type-post","status-publish","format-standard","has-post-thumbnail","hentry","category-cidades"],"_links":{"self":[{"href":"https:\/\/www.caririemacao.com\/1\/wp-json\/wp\/v2\/posts\/136223","targetHints":{"allow":["GET"]}}],"collection":[{"href":"https:\/\/www.caririemacao.com\/1\/wp-json\/wp\/v2\/posts"}],"about":[{"href":"https:\/\/www.caririemacao.com\/1\/wp-json\/wp\/v2\/types\/post"}],"author":[{"embeddable":true,"href":"https:\/\/www.caririemacao.com\/1\/wp-json\/wp\/v2\/users\/1"}],"replies":[{"embeddable":true,"href":"https:\/\/www.caririemacao.com\/1\/wp-json\/wp\/v2\/comments?post=136223"}],"version-history":[{"count":1,"href":"https:\/\/www.caririemacao.com\/1\/wp-json\/wp\/v2\/posts\/136223\/revisions"}],"predecessor-version":[{"id":136224,"href":"https:\/\/www.caririemacao.com\/1\/wp-json\/wp\/v2\/posts\/136223\/revisions\/136224"}],"wp:featuredmedia":[{"embeddable":true,"href":"https:\/\/www.caririemacao.com\/1\/wp-json\/wp\/v2\/media\/60945"}],"wp:attachment":[{"href":"https:\/\/www.caririemacao.com\/1\/wp-json\/wp\/v2\/media?parent=136223"}],"wp:term":[{"taxonomy":"category","embeddable":true,"href":"https:\/\/www.caririemacao.com\/1\/wp-json\/wp\/v2\/categories?post=136223"},{"taxonomy":"post_tag","embeddable":true,"href":"https:\/\/www.caririemacao.com\/1\/wp-json\/wp\/v2\/tags?post=136223"}],"curies":[{"name":"wp","href":"https:\/\/api.w.org\/{rel}","templated":true}]}}