{"id":136238,"date":"2019-11-18T09:10:25","date_gmt":"2019-11-18T12:10:25","guid":{"rendered":"http:\/\/www.caririemacao.com\/1\/?p=136238"},"modified":"2019-11-18T09:10:47","modified_gmt":"2019-11-18T12:10:47","slug":"barra-de-ferro-cai-de-caminhao-e-mata-crianca-em-bicicleta-na-paraiba","status":"publish","type":"post","link":"https:\/\/www.caririemacao.com\/1\/2019\/11\/18\/barra-de-ferro-cai-de-caminhao-e-mata-crianca-em-bicicleta-na-paraiba\/","title":{"rendered":"Barra de ferro cai de caminh\u00e3o e mata crian\u00e7a em bicicleta na Para\u00edba"},"content":{"rendered":"\n<p>Uma trag\u00e9dia foi registrada em Lagoa Seca, munic\u00edpio do Brejo paraibano, no final da tarde do s\u00e1bado, 16. De acordo com informa\u00e7\u00f5es, um menino, de 11 anos de idade, morreu ap\u00f3s o impacto de uma barra de ferro na cabe\u00e7a.<\/p>\n\n\n\n<p>Ainda segundo informa\u00e7\u00f5es veiculadas na R\u00e1dio Correio FM, a crian\u00e7a passava de bicicleta pela rua Augusto F\u00e9lix de Barros, quando a barra de ferro, que caiu de um caminh\u00e3o que tamb\u00e9m trafegava pela localidade, o atingiu.<\/p>\n\n\n\n<p>A v\u00edtima teve afundamento de cr\u00e2nio, chegou a ser socorrida, levada ao hospital local e em seguida encaminhada ao Hospital de Emerg\u00eancia e Trauma de Campina Grande, mas n\u00e3o resistiu aos graves ferimentos.<\/p>\n","protected":false},"excerpt":{"rendered":"<p>Uma trag\u00e9dia foi registrada em Lagoa Seca, munic\u00edpio do Brejo paraibano, no final da tarde do s\u00e1bado, 16. De acordo com informa\u00e7\u00f5es, um menino, de&hellip; <\/p>\n","protected":false},"author":1,"featured_media":104562,"comment_status":"closed","ping_status":"closed","sticky":false,"template":"","format":"standard","meta":{"sfsi_plus_gutenberg_text_before_share":"","sfsi_plus_gutenberg_show_text_before_share":"","sfsi_plus_gutenberg_icon_type":"","sfsi_plus_gutenberg_icon_alignemt":"","sfsi_plus_gutenburg_max_per_row":"","footnotes":""},"categories":[12],"tags":[],"class_list":["post-136238","post","type-post","status-publish","format-standard","has-post-thumbnail","hentry","category-policia"],"_links":{"self":[{"href":"https:\/\/www.caririemacao.com\/1\/wp-json\/wp\/v2\/posts\/136238","targetHints":{"allow":["GET"]}}],"collection":[{"href":"https:\/\/www.caririemacao.com\/1\/wp-json\/wp\/v2\/posts"}],"about":[{"href":"https:\/\/www.caririemacao.com\/1\/wp-json\/wp\/v2\/types\/post"}],"author":[{"embeddable":true,"href":"https:\/\/www.caririemacao.com\/1\/wp-json\/wp\/v2\/users\/1"}],"replies":[{"embeddable":true,"href":"https:\/\/www.caririemacao.com\/1\/wp-json\/wp\/v2\/comments?post=136238"}],"version-history":[{"count":1,"href":"https:\/\/www.caririemacao.com\/1\/wp-json\/wp\/v2\/posts\/136238\/revisions"}],"predecessor-version":[{"id":136240,"href":"https:\/\/www.caririemacao.com\/1\/wp-json\/wp\/v2\/posts\/136238\/revisions\/136240"}],"wp:featuredmedia":[{"embeddable":true,"href":"https:\/\/www.caririemacao.com\/1\/wp-json\/wp\/v2\/media\/104562"}],"wp:attachment":[{"href":"https:\/\/www.caririemacao.com\/1\/wp-json\/wp\/v2\/media?parent=136238"}],"wp:term":[{"taxonomy":"category","embeddable":true,"href":"https:\/\/www.caririemacao.com\/1\/wp-json\/wp\/v2\/categories?post=136238"},{"taxonomy":"post_tag","embeddable":true,"href":"https:\/\/www.caririemacao.com\/1\/wp-json\/wp\/v2\/tags?post=136238"}],"curies":[{"name":"wp","href":"https:\/\/api.w.org\/{rel}","templated":true}]}}