{"id":136257,"date":"2019-11-18T09:52:42","date_gmt":"2019-11-18T12:52:42","guid":{"rendered":"http:\/\/www.caririemacao.com\/1\/?p=136257"},"modified":"2019-11-18T09:52:42","modified_gmt":"2019-11-18T12:52:42","slug":"bandidos-invadem-farmacia-e-roubam-r-90-mil-dos-cofres-do-estabelecimento","status":"publish","type":"post","link":"https:\/\/www.caririemacao.com\/1\/2019\/11\/18\/bandidos-invadem-farmacia-e-roubam-r-90-mil-dos-cofres-do-estabelecimento\/","title":{"rendered":"Bandidos invadem farm\u00e1cia e roubam R$ 90 mil dos cofres do estabelecimento"},"content":{"rendered":"\n<p>Bandidos invadiram na madrugada desta segunda-feira (18), uma farm\u00e1cia no bairro Jos\u00e9 Am\u00e9rico, em Jo\u00e3o Pessoa. Na a\u00e7\u00e3o, os suspeitos levaram R$ 90 mil dos cofres do estabelecimento.<\/p>\n\n\n\n<p>A Pol\u00edcia informou que os bandidos invadiram o estabelecimento pela parte de tr\u00e1s do im\u00f3vel. Eles danificaram as portas de vidro e de a\u00e7o por equipamentos de corte, assim como a estrutura dos cofres.<\/p>\n\n\n\n<p>Os criminosos desconectaram o sistema de c\u00e2meras de seguran\u00e7a da farm\u00e1cia.&nbsp;<\/p>\n\n\n\n<p>Ap\u00f3s o crime, os bandidos fugiram levando o dinheiro. A Pol\u00edcia n\u00e3o sabe informar quantos participaram da a\u00e7\u00e3o.<\/p>\n","protected":false},"excerpt":{"rendered":"<p>Bandidos invadiram na madrugada desta segunda-feira (18), uma farm\u00e1cia no bairro Jos\u00e9 Am\u00e9rico, em Jo\u00e3o Pessoa. Na a\u00e7\u00e3o, os suspeitos levaram R$ 90 mil dos&hellip; <\/p>\n","protected":false},"author":1,"featured_media":136259,"comment_status":"closed","ping_status":"closed","sticky":false,"template":"","format":"standard","meta":{"sfsi_plus_gutenberg_text_before_share":"","sfsi_plus_gutenberg_show_text_before_share":"","sfsi_plus_gutenberg_icon_type":"","sfsi_plus_gutenberg_icon_alignemt":"","sfsi_plus_gutenburg_max_per_row":"","footnotes":""},"categories":[50,12],"tags":[],"class_list":["post-136257","post","type-post","status-publish","format-standard","has-post-thumbnail","hentry","category-destaque","category-policia"],"_links":{"self":[{"href":"https:\/\/www.caririemacao.com\/1\/wp-json\/wp\/v2\/posts\/136257","targetHints":{"allow":["GET"]}}],"collection":[{"href":"https:\/\/www.caririemacao.com\/1\/wp-json\/wp\/v2\/posts"}],"about":[{"href":"https:\/\/www.caririemacao.com\/1\/wp-json\/wp\/v2\/types\/post"}],"author":[{"embeddable":true,"href":"https:\/\/www.caririemacao.com\/1\/wp-json\/wp\/v2\/users\/1"}],"replies":[{"embeddable":true,"href":"https:\/\/www.caririemacao.com\/1\/wp-json\/wp\/v2\/comments?post=136257"}],"version-history":[{"count":1,"href":"https:\/\/www.caririemacao.com\/1\/wp-json\/wp\/v2\/posts\/136257\/revisions"}],"predecessor-version":[{"id":136260,"href":"https:\/\/www.caririemacao.com\/1\/wp-json\/wp\/v2\/posts\/136257\/revisions\/136260"}],"wp:featuredmedia":[{"embeddable":true,"href":"https:\/\/www.caririemacao.com\/1\/wp-json\/wp\/v2\/media\/136259"}],"wp:attachment":[{"href":"https:\/\/www.caririemacao.com\/1\/wp-json\/wp\/v2\/media?parent=136257"}],"wp:term":[{"taxonomy":"category","embeddable":true,"href":"https:\/\/www.caririemacao.com\/1\/wp-json\/wp\/v2\/categories?post=136257"},{"taxonomy":"post_tag","embeddable":true,"href":"https:\/\/www.caririemacao.com\/1\/wp-json\/wp\/v2\/tags?post=136257"}],"curies":[{"name":"wp","href":"https:\/\/api.w.org\/{rel}","templated":true}]}}